{"id":51551,"date":"2023-02-11T12:15:00","date_gmt":"2023-02-11T18:15:00","guid":{"rendered":"http:\/\/www.zonaroja.com.mx\/?p=51551"},"modified":"2023-02-11T17:04:32","modified_gmt":"2023-02-11T23:04:32","slug":"pend1-22","status":"publish","type":"post","link":"https:\/\/zonaroja.com.mx\/?p=51551","title":{"rendered":"\u201cEl mar nos uni\u00f3 antes que separarnos\u201d, D\u00edaz-Canel destaca cooperaci\u00f3n M\u00e9xico-Cuba"},"content":{"rendered":"\n<p>Redacci\u00f3n\/Zona Roja Cdmx.<\/p>\n\n\n\n<p>Ciudad de M\u00e9xico, a 11 de febrero de 2023.- El presidente de Cuba, Miguel D\u00edaz-Canel asegur\u00f3 que la participaci\u00f3n de m\u00e9dicos cubanos en servicios de salud en M\u00e9xico forma parte de la amistad que existe entre ambas naciones.<\/p>\n\n\n\n<p>\u201cEl mar nos uni\u00f3 antes que separarnos y a trav\u00e9s de las aguas circul\u00f3 durante siglos el intercambio de saberes, ideales y luchas\u201d, apunt\u00f3 el mandatario cubano desde Campeche.<\/p>\n\n\n\n<p>Durante un evento de encuentro con m\u00e9dicos en Campeche, junto al presidente mexicano Andr\u00e9s Manuel L\u00f3pez Obrador, D\u00edaz-Canel mostr\u00f3 la voluntad de continuar la colaboraci\u00f3n en \u00e1reas como salud, educaci\u00f3n, deporte y cultura.<\/p>\n\n\n\n<p>\u201cUstedes tienen la responsabilidad y el honor de contribuir con su entrega cotidiana, a la m\u00e1s humana de las funciones, a la consolidaci\u00f3n de los profundos e hist\u00f3ricos pa\u00eds de amistad que unen a nuestras naciones\u201d, dijo a m\u00e9dicos.<\/p>\n\n\n\n<p>Tambi\u00e9n agradeci\u00f3 el apoyo de M\u00e9xico a Cuba en el tema del bloqueo que, de acuerdo con el mandatario, ocasiona severos da\u00f1os a su econom\u00eda.<\/p>\n\n\n\n<p>Concluy\u00f3 su participaci\u00f3n con la frase: \u201cViva la amistad indestructible entre los pueblos de M\u00e9xico y Cuba\u201d.<\/p>\n\n\n\n<p>Por otra parte, el presidente cubano dijo que la relaci\u00f3n actual entre M\u00e9xico y Cuba logr\u00f3 concretar varios programas y acciones \u201cde mutuo beneficio\u201d, como el env\u00edo de especialistas de la salud.<\/p>\n\n\n\n<p>\u201cEn menos de un a\u00f1o estamos cumpliendo lo acordado y hay resultados para mostrar\u201d, expuso el mandatario, en referencia a los m\u00e1s de 500 profesionales de la salud que prestan servicios en M\u00e9xico como parte de un convenio de salud firmado entre ambos Gobiernos.<\/p>\n\n\n\n<p>La presencia de centenares de m\u00e9dicos cubanos en hospitales de la Ciudad de M\u00e9xico, contratados para combatir la pandemia de COVID-19, despert\u00f3 en 2020 controversia en el pa\u00eds por sus costos y por las actividades que realizaban.<\/p>\n\n\n\n<p>(Con informaci\u00f3n de L\u00f3pez-D\u00f3riga Digital y EFE)<\/p>\n","protected":false},"excerpt":{"rendered":"<p>Redacci\u00f3n\/Zona Roja Cdmx. Ciudad de M\u00e9xico, a 11 de febrero de 2023.- El presidente de&hellip;<\/p>\n","protected":false},"author":2,"featured_media":51555,"comment_status":"closed","ping_status":"open","sticky":false,"template":"","format":"standard","meta":{"_lmt_disableupdate":"","_lmt_disable":"","_jetpack_memberships_contains_paid_content":false,"footnotes":""},"categories":[109,46],"tags":[],"class_list":["post-51551","post","type-post","status-publish","format-standard","has-post-thumbnail","hentry","category-minuto-a-minuto","category-zona-blanca"],"jetpack_featured_media_url":"https:\/\/zonaroja.com.mx\/wp-content\/uploads\/2023\/02\/img_3431.jpg","jetpack_sharing_enabled":true,"_links":{"self":[{"href":"https:\/\/zonaroja.com.mx\/index.php?rest_route=\/wp\/v2\/posts\/51551","targetHints":{"allow":["GET"]}}],"collection":[{"href":"https:\/\/zonaroja.com.mx\/index.php?rest_route=\/wp\/v2\/posts"}],"about":[{"href":"https:\/\/zonaroja.com.mx\/index.php?rest_route=\/wp\/v2\/types\/post"}],"author":[{"embeddable":true,"href":"https:\/\/zonaroja.com.mx\/index.php?rest_route=\/wp\/v2\/users\/2"}],"replies":[{"embeddable":true,"href":"https:\/\/zonaroja.com.mx\/index.php?rest_route=%2Fwp%2Fv2%2Fcomments&post=51551"}],"version-history":[{"count":2,"href":"https:\/\/zonaroja.com.mx\/index.php?rest_route=\/wp\/v2\/posts\/51551\/revisions"}],"predecessor-version":[{"id":51556,"href":"https:\/\/zonaroja.com.mx\/index.php?rest_route=\/wp\/v2\/posts\/51551\/revisions\/51556"}],"wp:featuredmedia":[{"embeddable":true,"href":"https:\/\/zonaroja.com.mx\/index.php?rest_route=\/wp\/v2\/media\/51555"}],"wp:attachment":[{"href":"https:\/\/zonaroja.com.mx\/index.php?rest_route=%2Fwp%2Fv2%2Fmedia&parent=51551"}],"wp:term":[{"taxonomy":"category","embeddable":true,"href":"https:\/\/zonaroja.com.mx\/index.php?rest_route=%2Fwp%2Fv2%2Fcategories&post=51551"},{"taxonomy":"post_tag","embeddable":true,"href":"https:\/\/zonaroja.com.mx\/index.php?rest_route=%2Fwp%2Fv2%2Ftags&post=51551"}],"curies":[{"name":"wp","href":"https:\/\/api.w.org\/{rel}","templated":true}]}}