{"id":51560,"date":"2023-02-12T15:03:00","date_gmt":"2023-02-12T21:03:00","guid":{"rendered":"http:\/\/www.zonaroja.com.mx\/?p=51560"},"modified":"2023-02-12T06:31:00","modified_gmt":"2023-02-12T12:31:00","slug":"opinion-archivo-beltran-leyva-iii","status":"publish","type":"post","link":"https:\/\/zonaroja.com.mx\/?p=51560","title":{"rendered":"Opini\u00f3n. Archivo Beltr\u00e1n Leyva III"},"content":{"rendered":"\n<p>Diego Enrique Osorno*<\/p>\n\n\n\n<p>Alfredo Jim\u00e9nez Mota, reportero de&nbsp;\u201cEl Imparcial\u201d de Sonora, desapareci\u00f3 el 2 de abril de 2005, luego de publicar el 17 de enero de ese mismo a\u00f1o un reportaje a fondo que revel\u00f3 por primera vez la existencia y operaci\u00f3n de la banda de Arturo Beltr\u00e1n Leyva.<\/p>\n\n\n\n<p>\u201cLos barones de la droga pocas veces se meten directamente en la operatividad de estas estructuras. Para ello cuentan con otras redes locales dirigidas por capos menores, pero igualmente o m\u00e1s peligrosos que los grandes se\u00f1ores\u201d, escribi\u00f3 Alfredo en su reportaje. \u201cLos capos menores\u201d a los que se refer\u00eda eran, en ese entonces, los hermanos Beltr\u00e1n Leyva.<\/p>\n\n\n\n<p>En su libro,&nbsp;\u201cEl c\u00e1rtel inc\u00f3modo\u201d, Jos\u00e9 Reveles&nbsp;toma este art\u00edculo del periodista sonorense para hacer desde 2011 un oportuno abordaje y brillante an\u00e1lisis del auge y ca\u00edda de los Beltr\u00e1n Leyva, as\u00ed como de la hegemon\u00eda de Joaqu\u00edn Guzm\u00e1n Loera. De manera puntual, Reveles consideraba como \u201chist\u00f3rico\u201d el texto que provoc\u00f3 la desaparici\u00f3n de Alfredo.<\/p>\n\n\n\n<p>Hoy queda todav\u00eda m\u00e1s claro que lo es: Alfredo destap\u00f3 en 2005 una red cuyas dimensiones a\u00fan seguimos descubriendo a trav\u00e9s del juicio a Genaro Garc\u00eda Luna en Nueva York.<\/p>\n\n\n\n<p>***<\/p>\n\n\n\n<p>Recib\u00ed hace a\u00f1os uno de los documentos de inteligencia en los que se bas\u00f3 Alfredo para realizar su art\u00edculo. Hay un apartado de la ficha oficial que estriba sobre \u201cLos Tres Caballeros\u201d, apodo bajo el que empezaron a ser conocidos los hermanos Beltr\u00e1n Leyva en el norte de M\u00e9xico.<\/p>\n\n\n\n<p>Como parte de este recuento de archivo detonado por el juicio a Garc\u00eda Luna en Nueva York, comparto de manera textual el informe donde se da cuenta de una parte de las redes alrededor de Beltr\u00e1n Leyva antes de que este afianzara su relaci\u00f3n a nivel nacional durante el gobierno de Felipe Calder\u00f3n.<\/p>\n\n\n\n<p>Tambi\u00e9n es un intento de recordar y homenajear a un colega cuya desaparici\u00f3n a\u00fan est\u00e1 pendiente de ser esclarecida.<\/p>\n\n\n\n<p><em>Los Tres Caballeros<\/em><\/p>\n\n\n\n<p><em>Se dice que los hermanos Beltr\u00e1n Leyva irrumpieron en la actividad del narcotr\u00e1fico con Amado Carrillo Fuentes (a) \u201cEl Se\u00f1or de los Cielos\u201d, pero que a la muerte de \u00e9ste se alinearon con Joaqu\u00edn \u201cEl Chapo\u201d Guzm\u00e1n&nbsp;y H\u00e9ctor Palma Salazar (a) \u201cEl G\u00fcero\u201d Palma, volvi\u00e9ndose a unir a \u201cEl Chapo\u201d&nbsp;tras su fuga en enero de 2001.<\/em><\/p>\n\n\n\n<p><em>\u201cLos Tres Caballeros\u201d&nbsp;presuntamente se posicionaron del sur del estado de Sonora tras la muerte de Rodolfo Garc\u00eda Gaxiola (a) \u201cEl Chipil\u00f3n\u201d&nbsp;en mayo de 1998, quien como jefe de la entonces PJF en Sonora brind\u00f3 protecci\u00f3n a la organizaci\u00f3n de los hermanos Arellano F\u00e9lix; manteniendo como sede Ciudad Obreg\u00f3n, municipio de Cajeme, Son., desde donde supuestamente operan la recepci\u00f3n a\u00e9rea de coca\u00edna.<\/em><\/p>\n\n\n\n<p><em>Cabe se\u00f1alar que Ciudad Obreg\u00f3n fue conocida como El Culiacancito, al haber sido refugio de narcotraficantes famosos, entre ellos Rafael Caro Quintero y Miguel \u00c1ngel F\u00e9lix Gallardo.<\/em><\/p>\n\n\n\n<p><em>En forma paralela, trascendi\u00f3 que los hermanos Beltr\u00e1n Leyva fortalecieron sus operaciones en la siembra de marihuana en el llamado \u201cCuadril\u00e1tero del Diablo\u201d que conforman la regi\u00f3n de la alta Sierra Madre y que cubre parte de los estados de Chihuahua, Durango, Sinaloa y Sonora.&nbsp;<\/em><\/p>\n\n\n\n<p><em>La droga presumiblemente es trasegada por la regi\u00f3n de la sierra de \u00c1lamos, Son., con destino a la frontera norte del estado, principalmente Agua Prieta y Nogales, manteniendo para ello una numerosa red de burreros y narcotraficantes menores a lo largo del territorio sonorense.<\/em><\/p>\n\n\n\n<p><em>Los hermanos Alfredo, Amberto y Carlos Beltr\u00e1n Leyva utilizan los seud\u00f3nimos Arturo, Marco Arturo&nbsp;y Arturo de Culiac\u00e1n, bajo los cuales son buscados por la DEA por la introducci\u00f3n de droga a Estados Unidos a trav\u00e9s de aviones \u201cVelocity\u201d; de igual forma por la PGR como parte de la Operaci\u00f3n Marquis.&nbsp;<\/em><\/p>\n\n\n\n<p><em>Cabe destacar que informaci\u00f3n period\u00edstica menciona que Marco Arturo Beltr\u00e1n Leyva logr\u00f3 escapar de polic\u00edas federales que lo esperaban en el aeropuerto de Monterrey, NL., por su relaci\u00f3n con la familia Mend\u00edvil Gast\u00e9lum y Octavio Mendoza, acusados de lavado de dinero.<\/em><\/p>\n\n\n\n<p><em>En informativos locales dan cuenta de que hay conjuntos norte\u00f1os como \u201cCarlos y Jos\u00e9\u201d, \u201cSergio Vega\u201d, \u201cEl Coyote y su Banda\u201d y \u201cLos Nuevos Cadetes de Linares\u201d que les cantan corridos a los hermanos Beltr\u00e1n Leyva, que se han hecho famosos en la radio; incluso, algunos se aventuran a decir que los mismos amenizan grandes fiestas, donde participan como invitados especiales comandantes y agentes de la PGR.<\/em><\/p>\n\n\n\n<p><em>Los hermanos Beltr\u00e1n Leyva han operado bajo la protecci\u00f3n de las autoridades de los tres niveles de gobierno. Destacan los funcionarios incluidos en la administraci\u00f3n estatal que inici\u00f3 actividades el 13 de septiembre de 2003, que en el pasado fueron asociados con el crimen organizado, como Roberto Tapia Ch\u00e1n, director de la Polic\u00eda Judicial del Estado (PJE) y Abel Murrieta Guti\u00e9rrez, subprocurador de Averiguaciones Previas de la Procuradur\u00eda General de Justicia del Estado (PGJE); quienes en el pasado coexistieron dentro de la PGJE y en diferentes tiempos fueron los responsables de la seguridad p\u00fablica de Ciudad Obreg\u00f3n, Cajeme, Son., ayuntamiento en donde se reagruparon en el a\u00f1o 2000 siendo presidente municipal Ricardo Robinson Bours Castelo, hermano del hoy gobernador Jos\u00e9 Eduardo Robinson Bours Castelo.<\/em><\/p>\n\n\n\n<p><em>Delegaci\u00f3n estatal, a\u00f1o de 2005, documento confidencial.<\/em><\/p>\n\n\n\n<p>***<\/p>\n\n\n\n<p>Entre otras cosas, el juicio a Genaro Garc\u00eda Luna en NY&nbsp;puede ser visto como parte de una b\u00fasqueda de la verdad que muchos periodistas mexicanos han llevado a cabo durante d\u00e9cadas. Documentar, denunciar y entender la compleja relaci\u00f3n entre el mundo criminal y pol\u00edtico ha sido una tarea imposible de lograr de forma completa, pese a periodistas valerosos como Alfredo y Reveles.<\/p>\n\n\n\n<p>Alg\u00fan d\u00eda despertaremos con ciertas certezas de esta pesadilla.<\/p>\n\n\n\n<p>*Escritor y periodista.<\/p>\n\n\n\n<p>@DiegoEOsorno<\/p>\n","protected":false},"excerpt":{"rendered":"<p>Diego Enrique Osorno* Alfredo Jim\u00e9nez Mota, reportero de&nbsp;\u201cEl Imparcial\u201d de Sonora, desapareci\u00f3 el 2 de&hellip;<\/p>\n","protected":false},"author":2,"featured_media":48560,"comment_status":"closed","ping_status":"open","sticky":false,"template":"","format":"standard","meta":{"_lmt_disableupdate":"","_lmt_disable":"","_jetpack_memberships_contains_paid_content":false,"footnotes":""},"categories":[456,109],"tags":[3020],"class_list":["post-51560","post","type-post","status-publish","format-standard","has-post-thumbnail","hentry","category-columna","category-minuto-a-minuto","tag-diego-enrique-osorno"],"jetpack_featured_media_url":"https:\/\/zonaroja.com.mx\/wp-content\/uploads\/2022\/11\/Diego-Enrique-Osorno.jpeg","jetpack_sharing_enabled":true,"_links":{"self":[{"href":"https:\/\/zonaroja.com.mx\/index.php?rest_route=\/wp\/v2\/posts\/51560","targetHints":{"allow":["GET"]}}],"collection":[{"href":"https:\/\/zonaroja.com.mx\/index.php?rest_route=\/wp\/v2\/posts"}],"about":[{"href":"https:\/\/zonaroja.com.mx\/index.php?rest_route=\/wp\/v2\/types\/post"}],"author":[{"embeddable":true,"href":"https:\/\/zonaroja.com.mx\/index.php?rest_route=\/wp\/v2\/users\/2"}],"replies":[{"embeddable":true,"href":"https:\/\/zonaroja.com.mx\/index.php?rest_route=%2Fwp%2Fv2%2Fcomments&post=51560"}],"version-history":[{"count":1,"href":"https:\/\/zonaroja.com.mx\/index.php?rest_route=\/wp\/v2\/posts\/51560\/revisions"}],"predecessor-version":[{"id":51561,"href":"https:\/\/zonaroja.com.mx\/index.php?rest_route=\/wp\/v2\/posts\/51560\/revisions\/51561"}],"wp:featuredmedia":[{"embeddable":true,"href":"https:\/\/zonaroja.com.mx\/index.php?rest_route=\/wp\/v2\/media\/48560"}],"wp:attachment":[{"href":"https:\/\/zonaroja.com.mx\/index.php?rest_route=%2Fwp%2Fv2%2Fmedia&parent=51560"}],"wp:term":[{"taxonomy":"category","embeddable":true,"href":"https:\/\/zonaroja.com.mx\/index.php?rest_route=%2Fwp%2Fv2%2Fcategories&post=51560"},{"taxonomy":"post_tag","embeddable":true,"href":"https:\/\/zonaroja.com.mx\/index.php?rest_route=%2Fwp%2Fv2%2Ftags&post=51560"}],"curies":[{"name":"wp","href":"https:\/\/api.w.org\/{rel}","templated":true}]}}