{"id":51562,"date":"2023-02-12T10:00:00","date_gmt":"2023-02-12T16:00:00","guid":{"rendered":"http:\/\/www.zonaroja.com.mx\/?p=51562"},"modified":"2023-02-12T06:39:34","modified_gmt":"2023-02-12T12:39:34","slug":"musicos-exigen-destitucion-de-eliseo-martinez-de-la-oso-y-mejores-condiciones-de-trabajo","status":"publish","type":"post","link":"https:\/\/zonaroja.com.mx\/?p=51562","title":{"rendered":"M\u00fasicos exigen destituci\u00f3n de Eliseo Mart\u00ednez de la OSO y mejores condiciones de trabajo"},"content":{"rendered":"\n<p>Yuridiana Sosa\/Zona Roja.<\/p>\n\n\n\n<p>Oaxaca de Ju\u00e1rez, Oax., a 11 de febrero de 2023.- Hartos de los abusos laborales, m\u00fasicos que han formado parte de la Orquesta Sinf\u00f3nica de Oaxaca (OSO), denunciaron diversas irregularidades al interior del grupo dirigido por Eliseo Mart\u00ednez Garc\u00eda, pues al ver que nueva administraci\u00f3n del estado no realiza cambios que mejoren sus condiciones, deciden romper el silencio.<\/p>\n\n\n\n<p>\u201cVivimos bajo el miedo\u201d, es la expresi\u00f3n con la que los m\u00fasicos describen la situaci\u00f3n que padecen desde hace varios a\u00f1os, empeoradas a la llegada de Garc\u00eda Mart\u00ednez, de quien s\u00f3lo han recibido abusos, burlas, falta de procesos que mejoren su calidad laboral, as\u00ed como poco crecimiento musical.<\/p>\n\n\n\n<p>Los m\u00fasicos, quienes por temor prefieren la reserva de sus nombres, decidieron denunciar a ZONA ROJA los hechos ante la m\u00e1s reciente convocatoria emitida por la Secretar\u00eda de las Culturas y Artes de Oaxaca para el \u201cproceso de selecci\u00f3n para integrarse a la Orquesta Sinf\u00f3nica de Oaxaca\u201d, en la que buscan cubrir 24 vacantes.<\/p>\n\n\n\n<p>Con la llegada del nuevo gobierno estatal, los m\u00fasicos creyeron que cambiar\u00edan las condiciones para quienes por casi una d\u00e9cada y m\u00e1s de cinco a\u00f1os han permanecido por honorarios, pero ahora se dan cuenta que deben volver a participar como lo han hecho cada a\u00f1o, lo que rompe con su antig\u00fcedad laboral.<\/p>\n\n\n\n<p>Ante el m\u00e1s reciente proceso, que tendr\u00e1 las audiciones el 16 y 17 de febrero, los interesados se percataron que adem\u00e1s de volver a pasar por el mismo filtro la convocatoria estaba carente de informaci\u00f3n, incluso para alguien que quisiera llegar de otro estado no cumple ni con el m\u00ednimo de mencionar el pago que tendr\u00e1n, el cual es de poco m\u00e1s de ocho mil pesos mensuales.<\/p>\n\n\n\n<p>A ello se sum\u00f3 la tardada respuesta en la que la autoridad debe incluir la pieza musical con la que adicionar\u00e1 el participante, lo cual fue con menos de tres semanas.<\/p>\n\n\n\n<p>ESTANCAMIENTO Y CORRUPCI\u00d3N<\/p>\n\n\n\n<p>Son al menos unos 30 m\u00fasicos los afectados con la estructura actual de la Sinf\u00f3nica, en la que adem\u00e1s de falta de condiciones laborales no ven crecimiento, y existe una mala organizaci\u00f3n.<\/p>\n\n\n\n<p>Los integrantes de la Orquesta que no son de base, no pueden enfermarse, pues no cuentan con seguridad social, o no puedes faltar por cuestiones importantes a menos que seas del grupo selecto de \u201cconsentidos\u201d o \u201camigos\u201d del director de la Orquesta, quien muestra favoritismos.<\/p>\n\n\n\n<p>Desde la llegada de Eliseo Mart\u00ednez, para la temporada 2018, se vive un ambiente de tensi\u00f3n en la OSO, aseguran los afectados. Mientras que promueve las burlas entre compa\u00f1eros tambi\u00e9n es mis\u00f3gino con las mujeres.&nbsp;<\/p>\n\n\n\n<p>Se han presentado casos de corrupci\u00f3n, en la que el director pide que le otorguen la mitad de sus salarios si quieren permanecer en la orquesta, sin embargo, nunca se han atrevido a denunciar de manera formal los diversos abusos por miedo a mayores represalias.<\/p>\n\n\n\n<p>En el \u00e1mbito musical, Mart\u00ednez Garc\u00eda no ha variado el repertorio musical, cubriendo en diversas ocasiones el mismo que manten\u00eda cuando era director de la Banda de M\u00fasica del Estado.<\/p>\n\n\n\n<p>Adem\u00e1s de una falta de planeaci\u00f3n para la presentaci\u00f3n, han vivido episodios en los que los ensayos se desarrollan de forma precipitada y a las presentaciones han llegado m\u00fasicos de su c\u00edrculo de amigos en estado de ebriedad.<\/p>\n\n\n\n<p>A ellos se suma la integraci\u00f3n de familiares del director a la Orquesta, quienes abusan de su parentesco para no respetar las reglas de la sinf\u00f3nica.<\/p>\n\n\n\n<p>Por todo lo anterior, los m\u00fasicos exigieron al gobernador Salom\u00f3n Jara y al titular de la Seculta, V\u00edctor Cata prestar atenci\u00f3n a los problemas que vive la orquesta, desde lo profesional en el \u00e1mbito de la m\u00fasica, a revisar las condiciones laborales en las que se encuentran sus integrantes.<\/p>\n\n\n\n<p>As\u00ed como los teatros o espacios en los que realizan ensayos o presentaciones, pues han notado un grave deterioro del Teatro \u201cJu\u00e1rez\u201d y el \u201cMacedonio Alcal\u00e1\u201d.<\/p>\n","protected":false},"excerpt":{"rendered":"<p>Yuridiana Sosa\/Zona Roja. Oaxaca de Ju\u00e1rez, Oax., a 11 de febrero de 2023.- Hartos de&hellip;<\/p>\n","protected":false},"author":2,"featured_media":51563,"comment_status":"closed","ping_status":"open","sticky":false,"template":"","format":"standard","meta":{"_lmt_disableupdate":"","_lmt_disable":"","_jetpack_memberships_contains_paid_content":false,"footnotes":""},"categories":[109,47],"tags":[3432,3433],"class_list":["post-51562","post","type-post","status-publish","format-standard","has-post-thumbnail","hentry","category-minuto-a-minuto","category-zona-gris","tag-eliseo-martinez-garcia","tag-orquesta-sinfonica-de-oaxaca-oso"],"jetpack_featured_media_url":"https:\/\/zonaroja.com.mx\/wp-content\/uploads\/2023\/02\/Orquesta-Sinfonica-de-Oaxaca-Seculta-Eliseo-Martinez-Garcia.jpeg","jetpack_sharing_enabled":true,"_links":{"self":[{"href":"https:\/\/zonaroja.com.mx\/index.php?rest_route=\/wp\/v2\/posts\/51562","targetHints":{"allow":["GET"]}}],"collection":[{"href":"https:\/\/zonaroja.com.mx\/index.php?rest_route=\/wp\/v2\/posts"}],"about":[{"href":"https:\/\/zonaroja.com.mx\/index.php?rest_route=\/wp\/v2\/types\/post"}],"author":[{"embeddable":true,"href":"https:\/\/zonaroja.com.mx\/index.php?rest_route=\/wp\/v2\/users\/2"}],"replies":[{"embeddable":true,"href":"https:\/\/zonaroja.com.mx\/index.php?rest_route=%2Fwp%2Fv2%2Fcomments&post=51562"}],"version-history":[{"count":1,"href":"https:\/\/zonaroja.com.mx\/index.php?rest_route=\/wp\/v2\/posts\/51562\/revisions"}],"predecessor-version":[{"id":51564,"href":"https:\/\/zonaroja.com.mx\/index.php?rest_route=\/wp\/v2\/posts\/51562\/revisions\/51564"}],"wp:featuredmedia":[{"embeddable":true,"href":"https:\/\/zonaroja.com.mx\/index.php?rest_route=\/wp\/v2\/media\/51563"}],"wp:attachment":[{"href":"https:\/\/zonaroja.com.mx\/index.php?rest_route=%2Fwp%2Fv2%2Fmedia&parent=51562"}],"wp:term":[{"taxonomy":"category","embeddable":true,"href":"https:\/\/zonaroja.com.mx\/index.php?rest_route=%2Fwp%2Fv2%2Fcategories&post=51562"},{"taxonomy":"post_tag","embeddable":true,"href":"https:\/\/zonaroja.com.mx\/index.php?rest_route=%2Fwp%2Fv2%2Ftags&post=51562"}],"curies":[{"name":"wp","href":"https:\/\/api.w.org\/{rel}","templated":true}]}}