{"id":51565,"date":"2023-02-12T12:40:00","date_gmt":"2023-02-12T18:40:00","guid":{"rendered":"http:\/\/www.zonaroja.com.mx\/?p=51565"},"modified":"2023-02-12T06:47:04","modified_gmt":"2023-02-12T12:47:04","slug":"en-oaxaca-la-justicia-sigue-siendo-a-modo-y-fiscalia-requiere-reforma-integral-educa","status":"publish","type":"post","link":"https:\/\/zonaroja.com.mx\/?p=51565","title":{"rendered":"En Oaxaca \u201cla justicia sigue siendo a modo\u201d y Fiscal\u00eda \u201crequiere reforma integral\u201d: Educa"},"content":{"rendered":"\n<p>Redacci\u00f3n\/Estado 20.<\/p>\n\n\n\n<p>Oaxaca de Ju\u00e1rez, Oax., a 12 de febrero de 2023.- Tras la designaci\u00f3n de Bernardo Rodr\u00edguez Alamilla como titular de la Fiscal\u00eda General del Estado, la asociaci\u00f3n civil Servicios para una Educaci\u00f3n Alternativa (Educa) asegura que la justicia sigue siendo a modo, se persiguen delitos por consigna o por inter\u00e9s pol\u00edtico.<\/p>\n\n\n\n<p>Las actuaciones de la Fiscal\u00eda, dice, son poco transparentes y eficaces, y afirma que existe tambi\u00e9n mucha responsabilidad de la Federaci\u00f3n y del Poder Judicial en estos casos. De muy poco ha servido que desde la sociedad civil se propongan iniciativas de ley, protocolos, medidas de protecci\u00f3n, si \u00e9stas no se cumplen y la justicia no llega a las v\u00edctimas y sus familias.<\/p>\n\n\n\n<p>Para Educa, el fracaso no s\u00f3lo es en Oaxaca. M\u00e9xico, dice, atraviesa por una grave crisis de acceso a la justicia, corrupci\u00f3n e impunidad.<\/p>\n\n\n\n<p>\u201cEl nuevo sistema de justicia penal fracas\u00f3 debido a que no avanz\u00f3, a la par de las reformas y modificaciones constitucionales, la capacitaci\u00f3n de los ministerios p\u00fablicos, la profesionalizaci\u00f3n de operadores y funcionarios, el incremento al presupuesto, ni tampoco se logr\u00f3 contar una polic\u00eda profesional y confiable\u201d.<\/p>\n\n\n\n<p>Menciona, por ejemplo que el \u00edndice de impunidad federal alcanz\u00f3, tan s\u00f3lo en el a\u00f1o 2021, el 96.1 por ciento, superior a la de a\u00f1os anteriores, seg\u00fan M\u00e9xico Eval\u00faa.&nbsp;<\/p>\n\n\n\n<p>En materia de derechos humanos, el sistema de Naciones Unidas y el sistema Interamericano, sostiene que dif\u00edcilmente inciden en las acciones de los operadores de la justicia en el pa\u00eds en casos graves contra personas defensoras y periodistas y, aunque existen convenios de cooperaci\u00f3n, casi no se permite su coadyuvancia en las investigaciones.<\/p>\n\n\n\n<p>\u201cOaxaca es el estado del pa\u00eds donde se han cometido m\u00e1s cr\u00edmenes en contra de personas defensoras de los derechos humanos y el territorio, a la fecha suman un total de 34 en los \u00faltimos cuatro a\u00f1os. Estos asesinatos permanecen en total impunidad debido a una falta de rigor en la investigaci\u00f3n criminal y a una ineficaz actuaci\u00f3n del aparato de impartici\u00f3n de justicia\u201d, se\u00f1ala.<\/p>\n\n\n\n<p>A esto se suma, advierte, que en los dos primeros meses del actual gobierno, ocurrieron 25 feminicidios y la mayor\u00eda de los perpetradores siguen libres.<\/p>\n\n\n\n<p>\u201cEn diversas ocasiones familiares de v\u00edctimas y organizaciones se pronunciaron sobre la falta de prevenci\u00f3n y atenci\u00f3n a denuncias de violencia feminicida. Existen expedientes rezagados de casos graves: la Masacre de Agua Fr\u00eda (2002); los cr\u00edmenes contra activistas de la APPO (2006-2007); el asesinato de Bety Cari\u00f1o y Jyri Jaakkola (2010), s\u00f3lo por mencionar algunos de los casos de mayor resonancia; con todo y la creaci\u00f3n de la Fiscal\u00eda de Investigaciones en Delitos de Trascendencia Social, los casos no avanzan. Este panorama nos revela un estado de desinter\u00e9s, rezago e impunidad en la impartici\u00f3n de justicia en Oaxaca\u201d, se\u00f1ala.<\/p>\n\n\n\n<p>Es en esto contexto, asegura, se inscribe el nombramiento del nuevo fiscal en Oaxaca y puntualiza que la designaci\u00f3n de Bernardo Rodr\u00edguez sigue un patr\u00f3n que ya se hab\u00eda observado anteriormente, de la oficina encargada de la protecci\u00f3n y defensa de los derechos humanos pasa a la oficina encargada de la pol\u00edtica criminal y persecuci\u00f3n de los delitos.<\/p>\n\n\n\n<p>\u201cEs evidente que cubre un perfil id\u00f3neo para dar continuidad a un sistema de procuraci\u00f3n de justicia que no le dio los resultados a la poblaci\u00f3n, por lo que hubo 24 eventos de linchamientos o intentos de linchamientos en Oaxaca s\u00f3lo en 2022\u201d.<\/p>\n\n\n\n<p>Educa sostiene que la situaci\u00f3n estructural que hemos descrito anteriormente va m\u00e1s all\u00e1 del nombramiento de un fiscal y que hay una estructura inoperante que hace que en Oaxaca tengamos una impunidad del cien por ciento (Impunidad Cero), el estado con mayor grado de impunidad en M\u00e9xico.<\/p>\n\n\n\n<p>\u201cLa procuraci\u00f3n de la justicia en Oaxaca est\u00e1 asentada en la impunidad, la corrupci\u00f3n y los pactos entre los grupos pol\u00edticos. Las fiscal\u00edas regionales est\u00e1n ligadas a los grupos de poder o a los caciques regionales, o bien, a la delincuencia organizada\u201d, asevera.<\/p>\n\n\n\n<p>Y afirma que en las fiscal\u00edas no existen los instrumentos, los procedimientos, ni la tecnolog\u00eda necesaria, no tenemos una polic\u00eda profesional para investigar delitos.<\/p>\n\n\n\n<p>\u201cEn suma, la reforma al sistema penal no pas\u00f3 por Oaxaca. La designaci\u00f3n de Rodr\u00edguez Alamilla, viene a ser otro nombramiento dentro de una estructura que no funciona. Si no observamos la grave crisis de la procuraci\u00f3n de justicia en Oaxaca nos vamos a quedar solamente en la cr\u00edtica al nombramiento de una persona\u201d.<\/p>\n\n\n\n<p>CASOS IMPUNES<\/p>\n\n\n\n<p>En los casos de personas defensoras, Educa asegura que no se han logrado avances. \u201cNo hay una actuaci\u00f3n de la Fiscal\u00eda en l\u00f3gica de derechos humanos, se abren carpetas de investigaci\u00f3n como homicidios cualesquiera, debido a la falta de claridad de la Fiscal\u00eda que no entiende el papel que juegan las personas defensoras en la sociedad\u201d.<\/p>\n\n\n\n<p>Adem\u00e1s, dice que no hay recursos para medidas cautelares, ni un sistema de protecci\u00f3n. La justicia sigue siendo a modo, se persiguen delitos por consigna o por inter\u00e9s pol\u00edtico. Las actuaciones de la Fiscal\u00eda son poco transparentes y eficaces.<\/p>\n\n\n\n<p>Para la organizaci\u00f3n, considera que tienen que darse cambios en el modelo de procuraci\u00f3n de justicia en Oaxaca.<\/p>\n\n\n\n<p>\u201cEn principio, se requiere una reforma integral a la Fiscal\u00eda, hacer una instituci\u00f3n que sirva, transparente, cuyas actuaciones est\u00e9n apegadas a los m\u00e1s altos est\u00e1ndares en materia de derechos humanos, con personal profesionalizado y presupuesto suficiente para el desempe\u00f1o de su misi\u00f3n. Revisar el trabajo de las Fiscal\u00edas Regionales para impulsar los cambios necesarios.<\/p>\n\n\n\n<p>\u201cValorar el desempe\u00f1o de las fiscal\u00edas especializadas y la reestructuraci\u00f3n de estas. Retomar carpetas y expedientes rezagados para profundizar en investigaciones que lleven a fincar responsabilidades penales a perpetradores de cr\u00edmenes\u201d.<\/p>\n\n\n\n<p>Por \u00faltimo, manifiesta preocupaci\u00f3n por el futuro la Defensor\u00eda de los Derechos Humanos del Pueblo de Oaxaca, la falta de titular y el poco inter\u00e9s que parece existir en el gobierno de la cuarta transformaci\u00f3n en la protecci\u00f3n y salvaguarda de los derechos humanos, coloca a este organismo aut\u00f3nomo en una situaci\u00f3n de vulnerabilidad.<\/p>\n\n\n\n<p>\u201cSe suma a esta fragilidad la falta de un Consejo Ciudadano en funciones, el desmantelamiento de las Defensor\u00edas Especializadas y la ausencia de estrategias para prevenir riesgos; esto en medio de una ola de asesinatos de personas defensoras. Esperamos que tanto la Fiscal\u00eda como la DDHPO no se conviertan en ap\u00e9ndices del gobierno, sino por el contrario que sean instituciones fuertes, que cumplan con su labor de defender a la sociedad y procurar la justicia y el respeto a los derechos humanos del pueblo de Oaxaca\u201d, sentencia.<\/p>\n","protected":false},"excerpt":{"rendered":"<p>Redacci\u00f3n\/Estado 20. Oaxaca de Ju\u00e1rez, Oax., a 12 de febrero de 2023.- Tras la designaci\u00f3n&hellip;<\/p>\n","protected":false},"author":2,"featured_media":44631,"comment_status":"closed","ping_status":"open","sticky":false,"template":"","format":"standard","meta":{"_lmt_disableupdate":"","_lmt_disable":"","_jetpack_memberships_contains_paid_content":false,"footnotes":""},"categories":[109,47],"tags":[59,2275],"class_list":["post-51565","post","type-post","status-publish","format-standard","has-post-thumbnail","hentry","category-minuto-a-minuto","category-zona-gris","tag-fiscalia-general-del-estado","tag-servicios-para-una-educacion-alternativa-a-c-educa"],"jetpack_featured_media_url":"https:\/\/zonaroja.com.mx\/wp-content\/uploads\/2022\/08\/Oficinas-Fiscalia-General-Oaxaca.jpg","jetpack_sharing_enabled":true,"_links":{"self":[{"href":"https:\/\/zonaroja.com.mx\/index.php?rest_route=\/wp\/v2\/posts\/51565","targetHints":{"allow":["GET"]}}],"collection":[{"href":"https:\/\/zonaroja.com.mx\/index.php?rest_route=\/wp\/v2\/posts"}],"about":[{"href":"https:\/\/zonaroja.com.mx\/index.php?rest_route=\/wp\/v2\/types\/post"}],"author":[{"embeddable":true,"href":"https:\/\/zonaroja.com.mx\/index.php?rest_route=\/wp\/v2\/users\/2"}],"replies":[{"embeddable":true,"href":"https:\/\/zonaroja.com.mx\/index.php?rest_route=%2Fwp%2Fv2%2Fcomments&post=51565"}],"version-history":[{"count":1,"href":"https:\/\/zonaroja.com.mx\/index.php?rest_route=\/wp\/v2\/posts\/51565\/revisions"}],"predecessor-version":[{"id":51566,"href":"https:\/\/zonaroja.com.mx\/index.php?rest_route=\/wp\/v2\/posts\/51565\/revisions\/51566"}],"wp:featuredmedia":[{"embeddable":true,"href":"https:\/\/zonaroja.com.mx\/index.php?rest_route=\/wp\/v2\/media\/44631"}],"wp:attachment":[{"href":"https:\/\/zonaroja.com.mx\/index.php?rest_route=%2Fwp%2Fv2%2Fmedia&parent=51565"}],"wp:term":[{"taxonomy":"category","embeddable":true,"href":"https:\/\/zonaroja.com.mx\/index.php?rest_route=%2Fwp%2Fv2%2Fcategories&post=51565"},{"taxonomy":"post_tag","embeddable":true,"href":"https:\/\/zonaroja.com.mx\/index.php?rest_route=%2Fwp%2Fv2%2Ftags&post=51565"}],"curies":[{"name":"wp","href":"https:\/\/api.w.org\/{rel}","templated":true}]}}