{"id":51567,"date":"2023-02-12T08:47:00","date_gmt":"2023-02-12T14:47:00","guid":{"rendered":"http:\/\/www.zonaroja.com.mx\/?p=51567"},"modified":"2023-02-12T07:00:58","modified_gmt":"2023-02-12T13:00:58","slug":"rebasa-los-28-mil-el-numero-de-muertos-por-terremotos-en-turquia-y-siria","status":"publish","type":"post","link":"https:\/\/zonaroja.com.mx\/?p=51567","title":{"rendered":"Rebasa los 28 mil el n\u00famero de muertos por terremotos en Turqu\u00eda y Siria"},"content":{"rendered":"\n<p>Redacci\u00f3n\/Zona Roja Cdmx.<\/p>\n\n\n\n<p>Ciudad de M\u00e9xico, a 12 de febrero de 2023.- El n\u00famero de muertos en Turqu\u00eda y Siria tras el terremoto del lunes lleg\u00f3 a 28.192 este s\u00e1bado.<\/p>\n\n\n\n<p>El n\u00famero de muertos en Turqu\u00eda subi\u00f3 a 24.617, dijo el vicepresidente turco Fuat Oktay en una conferencia de prensa.<\/p>\n\n\n\n<p>En Siria, el n\u00famero total de muertes es de 3.575, incluidas 2.167 en \u00e1reas controladas por rebeldes en el noroeste, seg\u00fan el grupo de defensa civil &#8216;Cascos Blancos&#8217;, y 1.408 muertes en partes de Siria controladas por el Gobierno, seg\u00fan los medios estatales sirios, citando al ministerio de salud el s\u00e1bado.<\/p>\n\n\n\n<p>MILLONES DE AFECTADOS<\/p>\n\n\n\n<p>Las&nbsp;im\u00e1genes de drones e im\u00e1genes satelitales&nbsp;han transmitido la cruda realidad de la destrucci\u00f3n generalizada en un \u00e1rea que se extiende a lo largo de dos pa\u00edses muy diferentes.<\/p>\n\n\n\n<p>La escala del desastre es enorme. \u201cHemos hecho un poco de mapeo del tama\u00f1o del \u00e1rea afectada\u201d, dijo Caroline Holt, directora de desastres, clima y crisis de la Federaci\u00f3n Internacional de la Cruz Roja (FICR). \u201cEs del tama\u00f1o de Francia\u201d, explic\u00f3.<\/p>\n\n\n\n<p>El secretario general de las Naciones Unidas, Ant\u00f3nio Guterres, dijo este jueves que \u00aba\u00fan no hemos visto el alcance total del da\u00f1o y de la crisis humanitaria que se desarrolla ante nuestros ojos\u00bb, mientras que las estimaciones de la Organizaci\u00f3n Mundial de la Salud sugieren que hasta 23 millones de personas podr\u00edan verse afectadas por el desastre natural.<\/p>\n\n\n\n<p>Una vez que hayan terminado las tareas de b\u00fasqueda, la atenci\u00f3n se centrar\u00e1 en la reconstrucci\u00f3n a m\u00e1s largo plazo. Turqu\u00eda ha sufrido terremotos en el pasado y se ha reconstruido. Pero, \u00bfcu\u00e1nto se puede aprender de esta historia? \u00bfSe implementar\u00e1n estas lecciones? \u00bfY se igualar\u00e1n los esfuerzos al otro lado de la frontera?<\/p>\n\n\n\n<p>HAY DETENCIONES<\/p>\n\n\n\n<p>Autoridades de Turqu\u00eda detuvieron a varios de los responsables de la construcci\u00f3n de los edificios que se derrumbaron en el catastr\u00f3fico terremoto de este lunes, seg\u00fan la agencia de noticias estatal turca Anadolu.<\/p>\n\n\n\n<p>Hasan Alparg\u00fcn, propietario de la empresa que construy\u00f3 algunos de los edificios destruidos en la ciudad de Adana, fue detenido el s\u00e1bado en Nicosia, Chipre, seg\u00fan Anadolu.<\/p>\n\n\n\n<p>Esto ocurre cuando los fiscales de la ciudad de Adana emitieron una orden de detenci\u00f3n para 62 personas en relaci\u00f3n con una investigaci\u00f3n sobre los edificios destruidos por el terremoto de magnitud 7,8.<\/p>\n\n\n\n<p>Mehmet Ya\u015far Co\u015fkun, el contratista responsable de R\u00f6nesans Residence, un bloque de apartamentos de lujo de gran altura que se derrumb\u00f3 en la provincia de Hatay, tambi\u00e9n fue arrestado el s\u00e1bado.<\/p>\n\n\n\n<p>Co\u015fkun fue interceptado por las autoridades en el aeropuerto de Estambul el viernes cuando intentaba huir a Montenegro, seg\u00fan Anadolu.<\/p>\n\n\n\n<p>Finalmente, el contratista \u0130brahim Mustafa Uncuo\u011flu fue detenido en Estambul el s\u00e1bado despu\u00e9s de que sus inspecciones de los Apartamentos Bahar que se derrumbaron en el epicentro del terremoto de Gaziantep resultaron ser defectuosas.<\/p>\n\n\n\n<p>(Informaci\u00f3n de CNN en Espa\u00f1ol)<\/p>\n","protected":false},"excerpt":{"rendered":"<p>Redacci\u00f3n\/Zona Roja Cdmx. Ciudad de M\u00e9xico, a 12 de febrero de 2023.- El n\u00famero de&hellip;<\/p>\n","protected":false},"author":2,"featured_media":51568,"comment_status":"closed","ping_status":"open","sticky":false,"template":"","format":"standard","meta":{"_lmt_disableupdate":"","_lmt_disable":"","_jetpack_memberships_contains_paid_content":false,"footnotes":""},"categories":[109,47],"tags":[3426],"class_list":["post-51567","post","type-post","status-publish","format-standard","has-post-thumbnail","hentry","category-minuto-a-minuto","category-zona-gris","tag-terremoto-turquia"],"jetpack_featured_media_url":"https:\/\/zonaroja.com.mx\/wp-content\/uploads\/2023\/02\/Terremoto-Turquia-y-Siria-1.jpeg","jetpack_sharing_enabled":true,"_links":{"self":[{"href":"https:\/\/zonaroja.com.mx\/index.php?rest_route=\/wp\/v2\/posts\/51567","targetHints":{"allow":["GET"]}}],"collection":[{"href":"https:\/\/zonaroja.com.mx\/index.php?rest_route=\/wp\/v2\/posts"}],"about":[{"href":"https:\/\/zonaroja.com.mx\/index.php?rest_route=\/wp\/v2\/types\/post"}],"author":[{"embeddable":true,"href":"https:\/\/zonaroja.com.mx\/index.php?rest_route=\/wp\/v2\/users\/2"}],"replies":[{"embeddable":true,"href":"https:\/\/zonaroja.com.mx\/index.php?rest_route=%2Fwp%2Fv2%2Fcomments&post=51567"}],"version-history":[{"count":1,"href":"https:\/\/zonaroja.com.mx\/index.php?rest_route=\/wp\/v2\/posts\/51567\/revisions"}],"predecessor-version":[{"id":51569,"href":"https:\/\/zonaroja.com.mx\/index.php?rest_route=\/wp\/v2\/posts\/51567\/revisions\/51569"}],"wp:featuredmedia":[{"embeddable":true,"href":"https:\/\/zonaroja.com.mx\/index.php?rest_route=\/wp\/v2\/media\/51568"}],"wp:attachment":[{"href":"https:\/\/zonaroja.com.mx\/index.php?rest_route=%2Fwp%2Fv2%2Fmedia&parent=51567"}],"wp:term":[{"taxonomy":"category","embeddable":true,"href":"https:\/\/zonaroja.com.mx\/index.php?rest_route=%2Fwp%2Fv2%2Fcategories&post=51567"},{"taxonomy":"post_tag","embeddable":true,"href":"https:\/\/zonaroja.com.mx\/index.php?rest_route=%2Fwp%2Fv2%2Ftags&post=51567"}],"curies":[{"name":"wp","href":"https:\/\/api.w.org\/{rel}","templated":true}]}}