{"id":51570,"date":"2023-02-12T09:00:00","date_gmt":"2023-02-12T15:00:00","guid":{"rendered":"http:\/\/www.zonaroja.com.mx\/?p=51570"},"modified":"2023-02-12T07:20:22","modified_gmt":"2023-02-12T13:20:22","slug":"denuncia-defensor-indigena-riesgo-de-muerte-y-omision-de-mecanismo-de-proteccion","status":"publish","type":"post","link":"https:\/\/zonaroja.com.mx\/?p=51570","title":{"rendered":"Denuncia defensor ind\u00edgena riesgo de muerte y omisi\u00f3n de Mecanismo de Protecci\u00f3n"},"content":{"rendered":"\n<p>Yuridiana Sosa\/Zona Roja.<\/p>\n\n\n\n<p>Oaxaca de Ju\u00e1rez, Oax., a 12 de febrero de 2023.- El activista y defensor de derechos humanos de ind\u00edgenas de Oaxaca, Joaqu\u00edn Galv\u00e1n, denunci\u00f3 que la omisi\u00f3n del Mecanismo de Protecci\u00f3n a Personas Defensoras de Derechos Humanos y Periodistas en M\u00e9xico mantiene en riego su vida, al grado que consider\u00f3 que en cualquier momento puede ser asesinado o desaparecido.<\/p>\n\n\n\n<p>A trav\u00e9s de sus redes sociales, el defensor de la zona Mixe puntualiz\u00f3 que su atenci\u00f3n a un multihomicidio, acompa\u00f1ar a las familias, investigar sobre el fondo del asunto y aportar elementos a las autoridades estatal y federal destap\u00f3 una red de tr\u00e1fico de personas, armas y drogas que lo mantienen en la mira de quienes se vieron afectados.<\/p>\n\n\n\n<p>Tras el caso, en en abril de 2022 fue integrado al Mecanismo de Protecci\u00f3n con medidas que desde el inicio denunci\u00f3 que eran ineficaces.<\/p>\n\n\n\n<p>En el mes de junio se estableci\u00f3 de nuevo una mesa de trabajo con autoridades de nivel nacional y estatal, en la que se determin\u00f3 como respondiente a la Guardia Nacional, pero en lugar de esos, el gobierno de Oaxaca solo le otorg\u00f3 un elemento de seguridad que \u00e9l mismo termin\u00f3 costeando su salario y pese a ello retirado sin previo aviso por falta de personal, tras lo cual la Secretar\u00eda de Seguridad activ\u00f3 un supuesto operativo con rondines en su entorno, los cuales se volvieron nulos al paso de los d\u00edas.<\/p>\n\n\n\n<p>Los sucesos fueron reportados a la Comisi\u00f3n Nacional de Derechos Humanos, pero sin mayores respuestas, por lo que ante nuevos riesgos, el defensor se\u00f1al\u00f3 \u201cdejo constancia p\u00fablica que el Consejo Consultivo del Mecanismo de Protecci\u00f3n a Personas Defensoras de Derechos Humanos y Periodistas en M\u00e9xico ha incumplido\u201d.<\/p>\n\n\n\n<p>A su vez responsabiliz\u00f3 al subsecretario de Derechos Humanos de la Secretar\u00eda de Gobernaci\u00f3n, Alejandro Encinas de cualquier da\u00f1o a su integridad.<\/p>\n\n\n\n<p>\u201cNo voy a renunciar a mi vida social, no voy a renunciar a mis espacios, aunque haya una bala de por medio\u201d, sostuvo el defensor en una publicaci\u00f3n de su cuenta de Twitter.<\/p>\n","protected":false},"excerpt":{"rendered":"<p>Yuridiana Sosa\/Zona Roja. Oaxaca de Ju\u00e1rez, Oax., a 12 de febrero de 2023.- El activista&hellip;<\/p>\n","protected":false},"author":2,"featured_media":43280,"comment_status":"closed","ping_status":"open","sticky":false,"template":"","format":"standard","meta":{"_lmt_disableupdate":"","_lmt_disable":"","_jetpack_memberships_contains_paid_content":false,"footnotes":""},"categories":[109,47],"tags":[3434],"class_list":["post-51570","post","type-post","status-publish","format-standard","has-post-thumbnail","hentry","category-minuto-a-minuto","category-zona-gris","tag-joaquin-galvan"],"jetpack_featured_media_url":"https:\/\/zonaroja.com.mx\/wp-content\/uploads\/2022\/07\/Joaquin-Galvan.jpg","jetpack_sharing_enabled":true,"_links":{"self":[{"href":"https:\/\/zonaroja.com.mx\/index.php?rest_route=\/wp\/v2\/posts\/51570","targetHints":{"allow":["GET"]}}],"collection":[{"href":"https:\/\/zonaroja.com.mx\/index.php?rest_route=\/wp\/v2\/posts"}],"about":[{"href":"https:\/\/zonaroja.com.mx\/index.php?rest_route=\/wp\/v2\/types\/post"}],"author":[{"embeddable":true,"href":"https:\/\/zonaroja.com.mx\/index.php?rest_route=\/wp\/v2\/users\/2"}],"replies":[{"embeddable":true,"href":"https:\/\/zonaroja.com.mx\/index.php?rest_route=%2Fwp%2Fv2%2Fcomments&post=51570"}],"version-history":[{"count":1,"href":"https:\/\/zonaroja.com.mx\/index.php?rest_route=\/wp\/v2\/posts\/51570\/revisions"}],"predecessor-version":[{"id":51571,"href":"https:\/\/zonaroja.com.mx\/index.php?rest_route=\/wp\/v2\/posts\/51570\/revisions\/51571"}],"wp:featuredmedia":[{"embeddable":true,"href":"https:\/\/zonaroja.com.mx\/index.php?rest_route=\/wp\/v2\/media\/43280"}],"wp:attachment":[{"href":"https:\/\/zonaroja.com.mx\/index.php?rest_route=%2Fwp%2Fv2%2Fmedia&parent=51570"}],"wp:term":[{"taxonomy":"category","embeddable":true,"href":"https:\/\/zonaroja.com.mx\/index.php?rest_route=%2Fwp%2Fv2%2Fcategories&post=51570"},{"taxonomy":"post_tag","embeddable":true,"href":"https:\/\/zonaroja.com.mx\/index.php?rest_route=%2Fwp%2Fv2%2Ftags&post=51570"}],"curies":[{"name":"wp","href":"https:\/\/api.w.org\/{rel}","templated":true}]}}