{"id":51578,"date":"2023-02-12T10:55:00","date_gmt":"2023-02-12T16:55:00","guid":{"rendered":"http:\/\/www.zonaroja.com.mx\/?p=51578"},"modified":"2023-02-12T07:56:34","modified_gmt":"2023-02-12T13:56:34","slug":"muere-proteo-en-cumplimiento-de-su-deber-rescatando-victimas-en-turquia","status":"publish","type":"post","link":"https:\/\/zonaroja.com.mx\/?p=51578","title":{"rendered":"Muere \u201cProteo\u201d en cumplimiento de su deber, rescatando v\u00edctimas en Turqu\u00eda"},"content":{"rendered":"\n<p>Redacci\u00f3n\/Zona Roja Cdmx.<\/p>\n\n\n\n<p>Ciudad de M\u00e9xico, a 12 de febrero de 2923.- Durante la madrugada del este 12 de febrero, la Secretar\u00eda de Defensa Nacional (Sedena) anunci\u00f3 el fallecimiento de \u201cProteo\u201d, uno de los binomios caninos que viaj\u00f3 con la Delegaci\u00f3n Mexicana para brindar ayuda a Turqu\u00eda, tras el terremoto ocurrido el 5 de febrero en dicho pa\u00eds.<\/p>\n\n\n\n<p>Fue a trav\u00e9s de su cuenta de Twitter que la Sedena dio a conocer la lamentable noticia, a la 01:33 horas apareci\u00f3 la publicaci\u00f3n, donde adjuntaron la fotograf\u00eda del can y le dedicaron palabras de agradecimiento por su gran labor.<\/p>\n\n\n\n<p>\u201cGracias \u2018Proteo\u2019 por tu heroica labor, cumpliste la misi\u00f3n perrito del Ej\u00e9rcito Mexicano. Los integrante del Ej\u00e9rcito y Fuerza A\u00e9rea Mexicanos lamentamos profundamente la p\u00e9rdida de nuestro gran compa\u00f1ero el can Proteo. Cumpliste tu misi\u00f3n como integrante de la Delegaci\u00f3n Mexicana en la b\u00fasqueda y rescate de nuestros hermanos en Turqu\u00eda\u201d.<\/p>\n\n\n\n<p>Hasta el momento la Sedena no ahond\u00f3 en detalles sobre las causas de muerte del perrito, de acuerdo a informaci\u00f3n extraoficial en redes sociales. se presume fue durante su servicio como rescatista.<\/p>\n\n\n\n<p>Internautas no tardaron en enviar condolencias y agradecimientos sinceros al can que cruz\u00f3 el Oc\u00e9ano Atl\u00e1ntico para rescatar vidas humanas entre los escombros, \u201cMerece tener un gran reconocimiento con honores\u201d, \u201cUn abrazo solidario y pronta resignaci\u00f3n a su binomio\u201d, \u201cRespeto y admiraci\u00f3n para \u2018Proteo\u2019\u201d, \u201cGracias por todas las vidas que salvaste\u201d, \u201cTan hermoso y valiente\u201d.<\/p>\n\n\n\n<p>Asimismo, la Secretar\u00eda comparti\u00f3 en la plataforma de TikTok, un video en memoria del valiente perrito con varias de sus fotograf\u00edas y videos de sus labores a lo largo de los a\u00f1os. Su manejador le dedic\u00f3 un conmovedor mensaje para despedirlo.<\/p>\n\n\n\n<p>\u201cQuiero decirte que me siento orgulloso de ti, porque siempre fuiste un perro fuerte, un perro trabajador que nunca te diste por vencido. Ahora solo me queda agradecerte por haberme tra\u00eddo. Lamentablemente no vas a poder llegar conmigo. Siempre te estar\u00e9 recordando&#8230; Todo M\u00e9xico&#8230; espero que siempre te recuerde, que nunca te olviden. Alg\u00fan d\u00eda nos volveremos a ver\u201d.<\/p>\n\n\n\n<p>El grupo de caninos que arribaron para brindar sus servicios de b\u00fasqueda y rescate a Turqu\u00eda estaba conformado por 10 perros. \u201cTardio\u201d, \u201cKiara\u201d, \u201cTeolog\u00eda\u201d, \u201cTimba\u201d, \u201cBarato\u201d, \u201cTerritorio\u201d, \u201cBalanceo\u201d, \u201cBureta\u201d, \u201cBi\u00f3sfera\u00bb y el fallecido \u201cProteo\u201d.<\/p>\n\n\n\n<p>El 7 de febrero abordaron una aeronave que los llev\u00f3 rumbo a una de las zonas de desastre m\u00e1s terribles en los \u00faltimos a\u00f1os, Turqu\u00eda despu\u00e9s del sismo. Las autoridades y sus manejadores los describieron como \u201ch\u00e9roes de 4 patas que iban camino a apoyar, rescatar y dar fortaleza a los afectados por el terremoto\u201d.<\/p>\n\n\n\n<p>Los caninos de la Sedena generalmente de la raza Pastor Alem\u00e1n, son especialistas en localizar con su olfato a personas atrapadas en derrumbes.<\/p>\n\n\n\n<p>Por su parte, la cuenta de Abogados Animalistas de M\u00e9xico agradeci\u00f3 a los perritos su valent\u00eda con un mensaje, \u201cEstos seres (caninos) solo nos recuerdan la deuda impagable que tenemos con ellos. Ojal\u00e1 nuestro agradecimiento se refleje con mejores leyes para ellos, con m\u00e1s programas para garantizar el bienestar animal y trato digno\u201d.<\/p>\n\n\n\n<p>Cabe se\u00f1alar que en el escuadr\u00f3n mexicano de rescate participan 93 militares del Ej\u00e9rcito y Fuerza A\u00e9rea, 37 elementos de la SEMAR, 15 elementos de la Cruz Roja y cinco integrantes de la SRE para apoyar tras los terremotos que han dejado m\u00e1s de 4 mil fallecidos y cientos de heridos.<\/p>\n","protected":false},"excerpt":{"rendered":"<p>Redacci\u00f3n\/Zona Roja Cdmx. Ciudad de M\u00e9xico, a 12 de febrero de 2923.- Durante la madrugada&hellip;<\/p>\n","protected":false},"author":2,"featured_media":51579,"comment_status":"closed","ping_status":"open","sticky":false,"template":"","format":"standard","meta":{"_lmt_disableupdate":"","_lmt_disable":"","_jetpack_memberships_contains_paid_content":false,"footnotes":""},"categories":[109,47],"tags":[3426],"class_list":["post-51578","post","type-post","status-publish","format-standard","has-post-thumbnail","hentry","category-minuto-a-minuto","category-zona-gris","tag-terremoto-turquia"],"jetpack_featured_media_url":"https:\/\/zonaroja.com.mx\/wp-content\/uploads\/2023\/02\/Proteo-Turquia-Sedena.jpeg","jetpack_sharing_enabled":true,"_links":{"self":[{"href":"https:\/\/zonaroja.com.mx\/index.php?rest_route=\/wp\/v2\/posts\/51578","targetHints":{"allow":["GET"]}}],"collection":[{"href":"https:\/\/zonaroja.com.mx\/index.php?rest_route=\/wp\/v2\/posts"}],"about":[{"href":"https:\/\/zonaroja.com.mx\/index.php?rest_route=\/wp\/v2\/types\/post"}],"author":[{"embeddable":true,"href":"https:\/\/zonaroja.com.mx\/index.php?rest_route=\/wp\/v2\/users\/2"}],"replies":[{"embeddable":true,"href":"https:\/\/zonaroja.com.mx\/index.php?rest_route=%2Fwp%2Fv2%2Fcomments&post=51578"}],"version-history":[{"count":1,"href":"https:\/\/zonaroja.com.mx\/index.php?rest_route=\/wp\/v2\/posts\/51578\/revisions"}],"predecessor-version":[{"id":51580,"href":"https:\/\/zonaroja.com.mx\/index.php?rest_route=\/wp\/v2\/posts\/51578\/revisions\/51580"}],"wp:featuredmedia":[{"embeddable":true,"href":"https:\/\/zonaroja.com.mx\/index.php?rest_route=\/wp\/v2\/media\/51579"}],"wp:attachment":[{"href":"https:\/\/zonaroja.com.mx\/index.php?rest_route=%2Fwp%2Fv2%2Fmedia&parent=51578"}],"wp:term":[{"taxonomy":"category","embeddable":true,"href":"https:\/\/zonaroja.com.mx\/index.php?rest_route=%2Fwp%2Fv2%2Fcategories&post=51578"},{"taxonomy":"post_tag","embeddable":true,"href":"https:\/\/zonaroja.com.mx\/index.php?rest_route=%2Fwp%2Fv2%2Ftags&post=51578"}],"curies":[{"name":"wp","href":"https:\/\/api.w.org\/{rel}","templated":true}]}}