{"id":5158,"date":"2019-10-26T20:18:50","date_gmt":"2019-10-27T01:18:50","guid":{"rendered":"http:\/\/www.zonaroja.com.mx\/?p=5158"},"modified":"2019-10-26T20:18:53","modified_gmt":"2019-10-27T01:18:53","slug":"denuncian-que-por-pifias-de-la-fiscalia-dejan-libre-a-feminicida","status":"publish","type":"post","link":"https:\/\/zonaroja.com.mx\/?p=5158","title":{"rendered":"Denuncian que por pifias de la Fiscal\u00eda, dejan libre a feminicida"},"content":{"rendered":"\n<p>Redacci\u00f3n\/Zona Roja.<\/p>\n\n\n\n<p>Oaxaca de Ju\u00e1rez, Oax., 26 de octubre de\n2019.- Un presunto feminicida fue liberado por irregularidades en el proceso\njudicial y pifias en la integraci\u00f3n de la carpeta de investigaci\u00f3n.<\/p>\n\n\n\n<p>La activista en defensa de los derechos\nde las mujeres, quien ha dado voz a las familias que buscan justicia por\ndiversos feminicidios, Frida Guerrera, denunci\u00f3 el actuar de la Fiscal\u00eda\nGeneral del Estado de Oaxaca y su titular Rub\u00e9n Vasconcelos M\u00e9ndez, en el caso\nde Wendy Guadalupe, asesinada en junio del 2018.<\/p>\n\n\n\n<p>A trav\u00e9s de sus redes sociales, la\ntambi\u00e9n periodista escribi\u00f3: \u201cGracias a la INEPTITUD de la @FISCALIA_GobOax y\nsu SOBERBIO titular @RvasconcelosM, el asesino de Wendy acaba de ser liberado.\nLleva tres este a\u00f1o\u201d.<\/p>\n\n\n\n<p>Los hechos ocurrieron el 30 de junio del\na\u00f1o pasado, cuando Luis \u00c1ngel C. P., asfixi\u00f3 a la joven madre con un pedazo de\ntela, tras una discusi\u00f3n, para despu\u00e9s colgarla de un cortinero a fin de\nsimular que se trataba de un suicidio y liberarse de las acusaciones en su contra.<\/p>\n\n\n\n<p>Sin embargo, en las diligencias del\nlevantamiento del cad\u00e1ver realizadas por los elementos de la Agencia Estatal de\nInvestigaciones y peritos confirmaron que la mujeres presentaba golpes en\ndiferentes partes del cuerpo<\/p>\n\n\n\n<p>Luis \u00c1ngel fue detenido a inicios de\njulio del 2019 y puesto a disposici\u00f3n de las autoridades por el homicidio de la\njoven de 28 a\u00f1os de edad, a quien asesin\u00f3 frente a sus dos hijos, una ni\u00f1a de cuatro\na\u00f1os y un ni\u00f1o de dos a\u00f1os, para posteriormente vincularlo a proceso.<\/p>\n\n\n\n<p>Fue este s\u00e1bado que la periodista Frida\nGuerrera alert\u00f3 sobre la posibilidad de que el asesino de Wendy Guadalupe\nobtuviera su libertad, luego de las deficiencias en la integraci\u00f3n del\nexpediente, acci\u00f3n que confirm\u00f3 posteriormente, con cr\u00edticas a la Fiscal\u00eda\nGeneral y su titular.<\/p>\n\n\n\n<p>En este mismo sentido, indic\u00f3 que a la\nfecha van tres feminicidas que son liberados y regresan a las calles debido a\nlas deficiencias de la instancia encargada de la procuraci\u00f3n e impartici\u00f3n de\njusticia en el estado.<\/p>\n","protected":false},"excerpt":{"rendered":"<p>Redacci\u00f3n\/Zona Roja. Oaxaca de Ju\u00e1rez, Oax., 26 de octubre de 2019.- Un presunto feminicida fue&hellip;<\/p>\n","protected":false},"author":2,"featured_media":4207,"comment_status":"closed","ping_status":"open","sticky":false,"template":"","format":"standard","meta":{"_lmt_disableupdate":"","_lmt_disable":"","_jetpack_memberships_contains_paid_content":false,"footnotes":""},"categories":[109,47],"tags":[494],"class_list":["post-5158","post","type-post","status-publish","format-standard","has-post-thumbnail","hentry","category-minuto-a-minuto","category-zona-gris","tag-fiscalia-general-del-estado-de-oaxaca"],"jetpack_featured_media_url":"https:\/\/zonaroja.com.mx\/wp-content\/uploads\/2019\/09\/Alerta-violencia-de-g\u00e9nero.jpg","jetpack_sharing_enabled":true,"_links":{"self":[{"href":"https:\/\/zonaroja.com.mx\/index.php?rest_route=\/wp\/v2\/posts\/5158","targetHints":{"allow":["GET"]}}],"collection":[{"href":"https:\/\/zonaroja.com.mx\/index.php?rest_route=\/wp\/v2\/posts"}],"about":[{"href":"https:\/\/zonaroja.com.mx\/index.php?rest_route=\/wp\/v2\/types\/post"}],"author":[{"embeddable":true,"href":"https:\/\/zonaroja.com.mx\/index.php?rest_route=\/wp\/v2\/users\/2"}],"replies":[{"embeddable":true,"href":"https:\/\/zonaroja.com.mx\/index.php?rest_route=%2Fwp%2Fv2%2Fcomments&post=5158"}],"version-history":[{"count":1,"href":"https:\/\/zonaroja.com.mx\/index.php?rest_route=\/wp\/v2\/posts\/5158\/revisions"}],"predecessor-version":[{"id":5159,"href":"https:\/\/zonaroja.com.mx\/index.php?rest_route=\/wp\/v2\/posts\/5158\/revisions\/5159"}],"wp:featuredmedia":[{"embeddable":true,"href":"https:\/\/zonaroja.com.mx\/index.php?rest_route=\/wp\/v2\/media\/4207"}],"wp:attachment":[{"href":"https:\/\/zonaroja.com.mx\/index.php?rest_route=%2Fwp%2Fv2%2Fmedia&parent=5158"}],"wp:term":[{"taxonomy":"category","embeddable":true,"href":"https:\/\/zonaroja.com.mx\/index.php?rest_route=%2Fwp%2Fv2%2Fcategories&post=5158"},{"taxonomy":"post_tag","embeddable":true,"href":"https:\/\/zonaroja.com.mx\/index.php?rest_route=%2Fwp%2Fv2%2Ftags&post=5158"}],"curies":[{"name":"wp","href":"https:\/\/api.w.org\/{rel}","templated":true}]}}