{"id":51583,"date":"2023-02-12T14:57:00","date_gmt":"2023-02-12T20:57:00","guid":{"rendered":"http:\/\/www.zonaroja.com.mx\/?p=51583"},"modified":"2023-02-12T20:01:04","modified_gmt":"2023-02-13T02:01:04","slug":"w","status":"publish","type":"post","link":"https:\/\/zonaroja.com.mx\/?p=51583","title":{"rendered":"Permitir\u00e1 Coatl\u00e1n obras de supercarretera\u2026 pero condiciona a gobierno"},"content":{"rendered":"\n<p>Ismael Garc\u00eda M.\/Zona Roja.<\/p>\n\n\n\n<p>Oaxaca de Ju\u00e1rez, Oax., a 12 de febrero de 2023.- La asamblea comunitaria de San Vicente Coatl\u00e1n, encabezada por autoridades municipales y agrarias, acord\u00f3 este s\u00e1bado permitir la continuaci\u00f3n de las obras de la supercarretera Oaxaca-Costa, en su tramo Barranca Larga-Ventanilla.<\/p>\n\n\n\n<p>Pero condicion\u00f3 el aval a que el gobierno estatal y el federal cumplan con las obras alternas pactadas en el sexenio de Alejandro Murat, y a que haya pronta soluci\u00f3n al problema agrario con Vila Sola de Vega.<\/p>\n\n\n\n<p>Ayer se efectu\u00f3 la asamblea de la comunidad, encabezada por el presidente municipal, Luciano Osorio Ruiz, y por el presidente del Comisariado de Bienes Comunales, Tom\u00e1s Hern\u00e1ndez Osorio.<\/p>\n\n\n\n<p>Tanto en la reuni\u00f3n como en un video que difundieron, insistieron en que las autoridades de los dos niveles cumplan con las obras pendientes, sin detallar cu\u00e1les, pero sobre todo que a la brevedad haya un arreglo con Sola de Vega, por el conflicto agrario que tiene m\u00e1s de medio siglo.<\/p>\n\n\n\n<p>\u201cLicenciado Andr\u00e9s Manuel L\u00f3pez Obrador, nosotros hoy tuvimos una reuni\u00f3n general con los ciudadanos de la comunidad general, yo como presidente de la comunidad, y llegamos a un acuerdo; como siempre hemos estado dispuestos a dialogar, para llevar a cabo compromisos que tiene la comunidad tanto como el estado y el gobierno federal.<\/p>\n\n\n\n<p>\u201cNosotros no nos oponemos a la supercarretera estamos dispuesto y siempre hemos tenido esa voluntad propia, hemos demostrado que nosotros s\u00ed tenemos voluntad y s\u00ed cumplimos.<\/p>\n\n\n\n<figure class=\"wp-block-embed is-type-rich is-provider-twitter wp-block-embed-twitter\"><div class=\"wp-block-embed__wrapper\">\n<div class=\"twitter-tweet\"><blockquote class=\"twitter-tweet\" data-lang=\"es\"><p lang=\"es\" dir=\"ltr\">En asamblea efectuada ayer, San Vicente Coatlan acept\u00f3 permitir la continuaci\u00f3n de trabajos de las supercarretera Oaxaca-Costa.<br>Pero ser\u00e1 hasta dentro de cinco meses y siempre cuando se cumplan los compromisos que hizo el ahora exgobernador <a href=\"https:\/\/twitter.com\/alejandromurat?ref_src=twsrc%5Etfw\">@alejandromurat<\/a>.<br>Video: <a href=\"https:\/\/twitter.com\/gismelchor?ref_src=twsrc%5Etfw\">@gismelchor<\/a>. <a href=\"https:\/\/t.co\/bexxvr3Imp\">pic.twitter.com\/bexxvr3Imp<\/a><\/p>&mdash; Zona Roja Oaxaca (@ZonaRoja_Oaxaca) <a href=\"https:\/\/twitter.com\/ZonaRoja_Oaxaca\/status\/1624912711355179009?ref_src=twsrc%5Etfw\">12 de febrero de 2023<\/a><\/blockquote><\/div>\n<\/div><\/figure>\n\n\n\n<p>\u201cHoy se realiza esta supercarretera que va a beneficiar a muchas comunidades, como muestra vamos a abrir el espacio para queda absolutamente abierto el paso; de antemano le agradecemos que haya tenido esa confianza a nosotros y de nosotros a ustedes, que todo se llegue a dar lo m\u00e1s pronto posible\u201d, dijo el edil.<\/p>\n\n\n\n<p>\u201cHoy el pueblo decidi\u00f3 dar continuidad a los trabajos de la carretera y apoyar los trabajos para que se termine la obra\u201d expuso Sebasti\u00e1n Canseco Antonio, presidente del Consejo de Vigilancia de Bienes Comunales.&nbsp;<\/p>\n\n\n\n<p>En tanto, en un comunicado que emitieron, precisan:<\/p>\n\n\n\n<p>\u201cEn atenci\u00f3n a su visita el d\u00eda domingo 15 de enero del 2023 en el tramo de la construcci\u00f3n de la carretera Barraca Larga-Ventanilla y a su llamado de un mes para encontrar las soluciones del conflicto agrario, social y de violencia.<\/p>\n\n\n\n<p>\u201cHoy 11 de febrero del 2023, despu\u00e9s de diferentes asambleas de comuneros, en un acto de solidaridad, hermandad, congruencia, dignidad, pero sobre todo atendiendo al progreso y desarrollo de Oaxaca y M\u00e9xico, hemos decidido mediante asamblea de comuneros la continuaci\u00f3n de todos los trabajos de la supercarretera, con sus respectivas revisiones y evaluaciones de manera mensual para verificar los avances y la soluci\u00f3n del conflicto agrario, social, violencia y paz.&nbsp;<\/p>\n\n\n\n<p>Agregaron:<\/p>\n\n\n\n<p>\u201cReiteramos nuestro compromiso de desarrollo y progreso con M\u00e9xico. Ahora bien, le solicitamos a los hermanos comuneros de Villa Sola de Vega, una soluci\u00f3n real, pac\u00edfica y definitiva del conflicto agrario, para beneficio de ambos pueblos. Reafirmamos el compromiso de agotar todas las mesas necesarias de Dialogo\u201d.&nbsp;<\/p>\n","protected":false},"excerpt":{"rendered":"<p>Ismael Garc\u00eda M.\/Zona Roja. Oaxaca de Ju\u00e1rez, Oax., a 12 de febrero de 2023.- La&hellip;<\/p>\n","protected":false},"author":2,"featured_media":51589,"comment_status":"closed","ping_status":"open","sticky":false,"template":"","format":"standard","meta":{"_lmt_disableupdate":"","_lmt_disable":"","_jetpack_memberships_contains_paid_content":false,"footnotes":""},"categories":[109,46],"tags":[979],"class_list":["post-51583","post","type-post","status-publish","format-standard","has-post-thumbnail","hentry","category-minuto-a-minuto","category-zona-blanca","tag-san-vicente-coatlan"],"jetpack_featured_media_url":"https:\/\/zonaroja.com.mx\/wp-content\/uploads\/2023\/02\/Acuerdo-asamblea-San-Vicente-Coatlan.jpg","jetpack_sharing_enabled":true,"_links":{"self":[{"href":"https:\/\/zonaroja.com.mx\/index.php?rest_route=\/wp\/v2\/posts\/51583","targetHints":{"allow":["GET"]}}],"collection":[{"href":"https:\/\/zonaroja.com.mx\/index.php?rest_route=\/wp\/v2\/posts"}],"about":[{"href":"https:\/\/zonaroja.com.mx\/index.php?rest_route=\/wp\/v2\/types\/post"}],"author":[{"embeddable":true,"href":"https:\/\/zonaroja.com.mx\/index.php?rest_route=\/wp\/v2\/users\/2"}],"replies":[{"embeddable":true,"href":"https:\/\/zonaroja.com.mx\/index.php?rest_route=%2Fwp%2Fv2%2Fcomments&post=51583"}],"version-history":[{"count":2,"href":"https:\/\/zonaroja.com.mx\/index.php?rest_route=\/wp\/v2\/posts\/51583\/revisions"}],"predecessor-version":[{"id":51590,"href":"https:\/\/zonaroja.com.mx\/index.php?rest_route=\/wp\/v2\/posts\/51583\/revisions\/51590"}],"wp:featuredmedia":[{"embeddable":true,"href":"https:\/\/zonaroja.com.mx\/index.php?rest_route=\/wp\/v2\/media\/51589"}],"wp:attachment":[{"href":"https:\/\/zonaroja.com.mx\/index.php?rest_route=%2Fwp%2Fv2%2Fmedia&parent=51583"}],"wp:term":[{"taxonomy":"category","embeddable":true,"href":"https:\/\/zonaroja.com.mx\/index.php?rest_route=%2Fwp%2Fv2%2Fcategories&post=51583"},{"taxonomy":"post_tag","embeddable":true,"href":"https:\/\/zonaroja.com.mx\/index.php?rest_route=%2Fwp%2Fv2%2Ftags&post=51583"}],"curies":[{"name":"wp","href":"https:\/\/api.w.org\/{rel}","templated":true}]}}