{"id":51594,"date":"2023-02-13T07:35:07","date_gmt":"2023-02-13T13:35:07","guid":{"rendered":"http:\/\/www.zonaroja.com.mx\/?p=51594"},"modified":"2023-02-13T10:52:51","modified_gmt":"2023-02-13T16:52:51","slug":"opinion-nueva-alianza-y-las-ambiciones-de-bersahin-lopez","status":"publish","type":"post","link":"https:\/\/zonaroja.com.mx\/?p=51594","title":{"rendered":"Opini\u00f3n. Nueva Alianza y las ambiciones de Bersah\u00edn L\u00f3pez"},"content":{"rendered":"\n<p>Ismael Garc\u00eda M.\/Zona Roja.<\/p>\n\n\n\n<p>Oaxaca de Ju\u00e1rez, Oax., a 13 de febrero de 2023.- A punto de desaparecer, el Partido Nueva Alianza perdi\u00f3 no solamente el rumbo, sino a la mayor\u00eda de sus escasos militantes.<\/p>\n\n\n\n<p>Y ahora, en la antesala de comicios concurrentes, enfrenta una disputa interna, que devino en un desalojo de oficinas, hace dos semanas, lo que evidenci\u00f3 una evidente fractura que puede terminar con el desconocimiento de su actual y eterno dirigente.<\/p>\n\n\n\n<p>Disc\u00edpulo de Adolfo Toledo Infanz\u00f3n -ahora m\u00e1s morenista que los hermanos Jara-, Bersah\u00edn L\u00f3pez ha jugado siempre a favor del PRI, as\u00ed no vaya con ellos en alguna elecci\u00f3n; siempre hab\u00eda dejado que el priismo utilizara al partido a su antojo, incluso en la pasada contienda a gobernador.<\/p>\n\n\n\n<p>Bersah\u00edn, orondo, declar\u00f3 que no ir\u00eda en alianza con ning\u00fan partido, pero estuvo a punto de perder hasta el registro. Hoy, desesperado, busca a sus padrinos pol\u00edticos, pero para los Murat ya no es \u00fatil, mientras que el PRI oaxaque\u00f1o comenzar\u00e1 tambi\u00e9n su aquelarre.<\/p>\n\n\n\n<p>Intenta congraciarse con Morena y busca acercamientos, pese a que en los comicios anteriores menospreci\u00f3 a los de la 4T.<\/p>\n\n\n\n<p>AP\u00c9NDICE PRIISTA<\/p>\n\n\n\n<p>El Partido Nueva Alianza surgi\u00f3 desde el a\u00f1o 2005 y fue un juguete creado por la lideresa magisterial Elba Esther Gordillo, con el principal prop\u00f3sito de ayudar al PRI y ser contrapeso de los partidos de oposici\u00f3n, que en ese entonces ya comenzaban a crecer.<\/p>\n\n\n\n<p>A nivel nacional, acaso su m\u00e1ximo logro fue un 2.3 por ciento de votaci\u00f3n con Gabriel Quadri como candidato a presidente de M\u00e9xico, en el a\u00f1o 2012.<\/p>\n\n\n\n<p>Tras los comicios del 2018, perdi\u00f3 su registro y s\u00f3lo mantiene su presencia en 18 entidades del pa\u00eds, entre ellas Oaxaca.<\/p>\n\n\n\n<p>Poco o nada ha hecho quien fuera su eterno dirigente nacional, Luis Castro Obreg\u00f3n, para sobrevivir, pero en el caso del Estado de M\u00e9xico, por ejemplo, se equivocaron y apostaron, junto con el PRD y el PAN, por el PRI para la gubernatura, cuando la contienda anterior jugaron con los morenistas.<\/p>\n\n\n\n<p>PRAGM\u00c1TICOS<\/p>\n\n\n\n<p>\u201cLejos de la tendencia al pragmatismo puro y a la cruda lucha por el poder y el presupuesto, Nueva Alianza Oaxaca se reconoce como un partido liberal reformista, animado por principios como la responsabilidad, el apego a la legalidad, la transparencia, la defensa de los derechos humanos, la libertad de expresi\u00f3n, el bienestar social, la sustentabilidad econ\u00f3mica y ambiental del desarrollo, elecciones justas y limpias para conformar la representaci\u00f3n democr\u00e1tica\u201d, dicen sus documentos en que basa su plataforma electoral.<\/p>\n\n\n\n<p>Pero nada m\u00e1s alejado de la realidad, pues en Oaxaca estuvo a punto de desaparecer, por ambiciones econ\u00f3micas y sobrevivencia pol\u00edtica.<\/p>\n\n\n\n<p>En las elecciones a gobernador, por ejemplo, el a\u00f1o pasado decidi\u00f3 no ir en alianza con Morena o el PRI, para satisfacer el ego de Bersah\u00edn, pero tan mal le fue en los resultados, que hasta un candidato independiente obtuvo m\u00e1s votos.<\/p>\n\n\n\n<p>Mientras Salom\u00f3n Jara Cruz y sus aliados alcanzaron el pasado 5 de junio 696 mil 488 votos, Bersah\u00edn L\u00f3pez apenas logr\u00f3 18 mil 586 votos, lo que representa un 1.84 por ciento de los comicios.<\/p>\n\n\n\n<p>Con ello inici\u00f3 el descalabro, pues el Instituto Estatal Electoral y de Participaci\u00f3n Ciudadana determin\u00f3 que no alcanz\u00f3 financiamiento para este a\u00f1o, pues no logr\u00f3 el m\u00ednimo del tres por ciento de votaci\u00f3n en la contienda anterior.<\/p>\n\n\n\n<p>No obstante, el \u00f3rgano determin\u00f3 que puede mantener su registro como partido -al igual que Unidad Popular-, bajo el argumento de que se deben tomar en cuenta los resultados de las&nbsp; elecciones que ocurren regularmente cada tres a\u00f1os o seis a\u00f1os.<\/p>\n\n\n\n<p>LOS DESPOJOS<\/p>\n\n\n\n<p>Aunque la reyerta inici\u00f3 tras las elecciones, a finales de enero pasado comenz\u00f3 p\u00fablicamente el pleito.<\/p>\n\n\n\n<p>Una de las principales oponentes de Bersah\u00edn L\u00f3pez es la actual diputada local Adriana Altamirano, quien hace poco m\u00e1s de una semana desaloj\u00f3 de sus oficinas de gesti\u00f3n a un grupo de trabajadores del partido, argumentando que ella pagaba la renta.<\/p>\n\n\n\n<p>Pero es apenas el atisbo de un pleito de mayores dimensiones, pues viene la renovaci\u00f3n de la dirigencia y Bersah\u00edn L\u00f3pez no quiere dejar el cargo que ostenta desde hace m\u00e1s de una d\u00e9cada.<\/p>\n\n\n\n<p>Lapso en el cual se ha convertido en nuevo millonario e invirti\u00f3 incluso en un medio de comunicaci\u00f3n digital, que al final no despunt\u00f3; vive con su familia como jeque, a costa del erario v\u00eda prerrogativas, de las que no ha dado ninguna informaci\u00f3n.<\/p>\n\n\n\n<p>Cre\u00f3 varias empresas, como una agencia de publicidad, a cargo de su esposa Paloma, para maquilar toda la publicidad de Nueva Alianza y otros partidos. <\/p>\n\n\n\n<p>Busca sobrevivir en el PRI, aunque este partido enfrenta sus propios conflictos; desesperado, quiere acercarse a Morena, pero es menospreciado. Y pronto las autoridades electorales podr\u00edan revertir su determinaci\u00f3n, y retirar en definitiva el registro como partido, habida cuenta de que ya pr\u00e1cticamente no existe.<\/p>\n","protected":false},"excerpt":{"rendered":"<p>Ismael Garc\u00eda M.\/Zona Roja. Oaxaca de Ju\u00e1rez, Oax., a 13 de febrero de 2023.- A&hellip;<\/p>\n","protected":false},"author":2,"featured_media":41735,"comment_status":"closed","ping_status":"open","sticky":false,"template":"","format":"standard","meta":{"_lmt_disableupdate":"","_lmt_disable":"","_jetpack_memberships_contains_paid_content":false,"footnotes":""},"categories":[456,109,48],"tags":[1353],"class_list":["post-51594","post","type-post","status-publish","format-standard","has-post-thumbnail","hentry","category-columna","category-minuto-a-minuto","category-zona-critica","tag-opinion-zona-critica"],"jetpack_featured_media_url":"https:\/\/zonaroja.com.mx\/wp-content\/uploads\/2022\/05\/Opinion-Ismael-Garcia-M.jpg","jetpack_sharing_enabled":true,"_links":{"self":[{"href":"https:\/\/zonaroja.com.mx\/index.php?rest_route=\/wp\/v2\/posts\/51594","targetHints":{"allow":["GET"]}}],"collection":[{"href":"https:\/\/zonaroja.com.mx\/index.php?rest_route=\/wp\/v2\/posts"}],"about":[{"href":"https:\/\/zonaroja.com.mx\/index.php?rest_route=\/wp\/v2\/types\/post"}],"author":[{"embeddable":true,"href":"https:\/\/zonaroja.com.mx\/index.php?rest_route=\/wp\/v2\/users\/2"}],"replies":[{"embeddable":true,"href":"https:\/\/zonaroja.com.mx\/index.php?rest_route=%2Fwp%2Fv2%2Fcomments&post=51594"}],"version-history":[{"count":2,"href":"https:\/\/zonaroja.com.mx\/index.php?rest_route=\/wp\/v2\/posts\/51594\/revisions"}],"predecessor-version":[{"id":51613,"href":"https:\/\/zonaroja.com.mx\/index.php?rest_route=\/wp\/v2\/posts\/51594\/revisions\/51613"}],"wp:featuredmedia":[{"embeddable":true,"href":"https:\/\/zonaroja.com.mx\/index.php?rest_route=\/wp\/v2\/media\/41735"}],"wp:attachment":[{"href":"https:\/\/zonaroja.com.mx\/index.php?rest_route=%2Fwp%2Fv2%2Fmedia&parent=51594"}],"wp:term":[{"taxonomy":"category","embeddable":true,"href":"https:\/\/zonaroja.com.mx\/index.php?rest_route=%2Fwp%2Fv2%2Fcategories&post=51594"},{"taxonomy":"post_tag","embeddable":true,"href":"https:\/\/zonaroja.com.mx\/index.php?rest_route=%2Fwp%2Fv2%2Ftags&post=51594"}],"curies":[{"name":"wp","href":"https:\/\/api.w.org\/{rel}","templated":true}]}}