{"id":51598,"date":"2023-02-13T08:30:00","date_gmt":"2023-02-13T14:30:00","guid":{"rendered":"http:\/\/www.zonaroja.com.mx\/?p=51598"},"modified":"2023-02-13T08:40:05","modified_gmt":"2023-02-13T14:40:05","slug":"muere-en-oaxaca-otra-persona-en-carcel-municipal-ahora-en-colotepec","status":"publish","type":"post","link":"https:\/\/zonaroja.com.mx\/?p=51598","title":{"rendered":"Muere en Oaxaca otra persona en c\u00e1rcel municipal, ahora en Colotepec"},"content":{"rendered":"\n<p>Redacci\u00f3n\/Zona Roja.<\/p>\n\n\n\n<p>Oaxaca de Ju\u00e1rez, Oax., a 13 de febrero de 2023.- Una persona del sexo masculino muri\u00f3 en en los separos del municipio de Santa Mar\u00eda Colotepec, Oaxaca, presuntamente por negarle atenci\u00f3n m\u00e9dica.<\/p>\n\n\n\n<p>Se trata de un motociclista identificado como Rafael M. C., que el pasado s\u00e1bado, supuestamente en estado de ebriedad, tuvo un accidente vial, al chocar con un taxi del sitio \u00abLibertad\u00bb al pasar el sem\u00e1foro en rojo.<\/p>\n\n\n\n<p>Malherido, fue llevado por los polic\u00edas de Colotepec a la la c\u00e1rcel municipal, pese a las lesiones que presentaba.<\/p>\n\n\n\n<p>Sin embargo, pese a su condici\u00f3n de salud, con varias lesiones, el personal municipal no le proporcion\u00f3 atenci\u00f3n m\u00e9dica, sino hasta que ya no presentaba signos vitales.<\/p>\n\n\n\n<p>Al notar que el sujeto ya no se mov\u00eda, los polic\u00edas llamaron a un m\u00e9dico particular, quien corrobor\u00f3 que ya no contaba con signos vitales.<\/p>\n\n\n\n<p>La Vicefiscal\u00eda Regional de la Costa, dependiente de la Fiscal\u00eda General del Estado, no ha dado a conocer si ya investiga el probable homicidio por negligencia.<\/p>\n","protected":false},"excerpt":{"rendered":"<p>Redacci\u00f3n\/Zona Roja. Oaxaca de Ju\u00e1rez, Oax., a 13 de febrero de 2023.- Una persona del&hellip;<\/p>\n","protected":false},"author":2,"featured_media":51599,"comment_status":"closed","ping_status":"open","sticky":false,"template":"","format":"standard","meta":{"_lmt_disableupdate":"","_lmt_disable":"","_jetpack_memberships_contains_paid_content":false,"footnotes":""},"categories":[109,47],"tags":[980],"class_list":["post-51598","post","type-post","status-publish","format-standard","has-post-thumbnail","hentry","category-minuto-a-minuto","category-zona-gris","tag-santa-maria-colotepec"],"jetpack_featured_media_url":"https:\/\/zonaroja.com.mx\/wp-content\/uploads\/2023\/02\/Persona-fallecida-carcel-Santa-Maria-Colotepec.jpg","jetpack_sharing_enabled":true,"_links":{"self":[{"href":"https:\/\/zonaroja.com.mx\/index.php?rest_route=\/wp\/v2\/posts\/51598","targetHints":{"allow":["GET"]}}],"collection":[{"href":"https:\/\/zonaroja.com.mx\/index.php?rest_route=\/wp\/v2\/posts"}],"about":[{"href":"https:\/\/zonaroja.com.mx\/index.php?rest_route=\/wp\/v2\/types\/post"}],"author":[{"embeddable":true,"href":"https:\/\/zonaroja.com.mx\/index.php?rest_route=\/wp\/v2\/users\/2"}],"replies":[{"embeddable":true,"href":"https:\/\/zonaroja.com.mx\/index.php?rest_route=%2Fwp%2Fv2%2Fcomments&post=51598"}],"version-history":[{"count":2,"href":"https:\/\/zonaroja.com.mx\/index.php?rest_route=\/wp\/v2\/posts\/51598\/revisions"}],"predecessor-version":[{"id":51612,"href":"https:\/\/zonaroja.com.mx\/index.php?rest_route=\/wp\/v2\/posts\/51598\/revisions\/51612"}],"wp:featuredmedia":[{"embeddable":true,"href":"https:\/\/zonaroja.com.mx\/index.php?rest_route=\/wp\/v2\/media\/51599"}],"wp:attachment":[{"href":"https:\/\/zonaroja.com.mx\/index.php?rest_route=%2Fwp%2Fv2%2Fmedia&parent=51598"}],"wp:term":[{"taxonomy":"category","embeddable":true,"href":"https:\/\/zonaroja.com.mx\/index.php?rest_route=%2Fwp%2Fv2%2Fcategories&post=51598"},{"taxonomy":"post_tag","embeddable":true,"href":"https:\/\/zonaroja.com.mx\/index.php?rest_route=%2Fwp%2Fv2%2Ftags&post=51598"}],"curies":[{"name":"wp","href":"https:\/\/api.w.org\/{rel}","templated":true}]}}