{"id":5160,"date":"2019-10-26T21:03:02","date_gmt":"2019-10-27T02:03:02","guid":{"rendered":"http:\/\/www.zonaroja.com.mx\/?p=5160"},"modified":"2019-10-26T21:03:05","modified_gmt":"2019-10-27T02:03:05","slug":"hallan-restos-de-una-mujer-en-mechoacan-presuntamente-asesinada","status":"publish","type":"post","link":"https:\/\/zonaroja.com.mx\/?p=5160","title":{"rendered":"Hallan restos de una mujer en Mechoac\u00e1n, presuntamente asesinada"},"content":{"rendered":"\n<p>Redacci\u00f3n\/Zona Roja.<\/p>\n\n\n\n<p>Oaxaca de Ju\u00e1rez, Oax., 26 de octubre de\n2019.- Los restos de una mujer presuntamente asesinada fueron halladas hoy en\nSanta Catarina Mechoac\u00e1n, municipio de la Costa chica de Oaxaca.<\/p>\n\n\n\n<p>Personal de la Vicefiscal\u00eda Regional de\nla Costa y autoridades municipales pidieron ayuda a la poblaci\u00f3n para tratar de\nidentificar a la v\u00edctima, as\u00ed como a sus familiares, pues el cuerpo se\nencuentra en avanzado estado de putrefacci\u00f3n.<\/p>\n\n\n\n<p>\u00danicamente se tienen como evidencia una\nfalda color gris, un brasier verde turquesa y una playera blanca con estampado;\nasimismo, una sandalia.<\/p>\n\n\n\n<p>Hasta el momento se desconoce cu\u00e1ndo fue asesinada y\/o desapareci\u00f3; la Vicefiscal\u00eda inici\u00f3 las indagatorias correspondientes para deslindar responsabilidades.<\/p>\n\n\n\n<figure class=\"wp-block-image\"><img decoding=\"async\" width=\"347\" height=\"228\" src=\"http:\/\/www.zonaroja.com.mx\/wp-content\/uploads\/2019\/10\/f91d6198-420e-4813-abca-2bc563d861b9.jpg\" alt=\"\" class=\"wp-image-5162\" srcset=\"https:\/\/zonaroja.com.mx\/wp-content\/uploads\/2019\/10\/f91d6198-420e-4813-abca-2bc563d861b9.jpg 347w, https:\/\/zonaroja.com.mx\/wp-content\/uploads\/2019\/10\/f91d6198-420e-4813-abca-2bc563d861b9-300x197.jpg 300w\" sizes=\"(max-width: 347px) 100vw, 347px\" \/><\/figure>\n","protected":false},"excerpt":{"rendered":"<p>Redacci\u00f3n\/Zona Roja. Oaxaca de Ju\u00e1rez, Oax., 26 de octubre de 2019.- Los restos de una&hellip;<\/p>\n","protected":false},"author":2,"featured_media":5161,"comment_status":"closed","ping_status":"open","sticky":false,"template":"","format":"standard","meta":{"_lmt_disableupdate":"","_lmt_disable":"","_jetpack_memberships_contains_paid_content":false,"footnotes":""},"categories":[109,51],"tags":[581],"class_list":["post-5160","post","type-post","status-publish","format-standard","has-post-thumbnail","hentry","category-minuto-a-minuto","category-zona-roja","tag-santa-catarina-mechoacan"],"jetpack_featured_media_url":"https:\/\/zonaroja.com.mx\/wp-content\/uploads\/2019\/10\/011cfaaa-1ecf-44f5-86c7-7054cbf69291.jpg","jetpack_sharing_enabled":true,"_links":{"self":[{"href":"https:\/\/zonaroja.com.mx\/index.php?rest_route=\/wp\/v2\/posts\/5160","targetHints":{"allow":["GET"]}}],"collection":[{"href":"https:\/\/zonaroja.com.mx\/index.php?rest_route=\/wp\/v2\/posts"}],"about":[{"href":"https:\/\/zonaroja.com.mx\/index.php?rest_route=\/wp\/v2\/types\/post"}],"author":[{"embeddable":true,"href":"https:\/\/zonaroja.com.mx\/index.php?rest_route=\/wp\/v2\/users\/2"}],"replies":[{"embeddable":true,"href":"https:\/\/zonaroja.com.mx\/index.php?rest_route=%2Fwp%2Fv2%2Fcomments&post=5160"}],"version-history":[{"count":1,"href":"https:\/\/zonaroja.com.mx\/index.php?rest_route=\/wp\/v2\/posts\/5160\/revisions"}],"predecessor-version":[{"id":5163,"href":"https:\/\/zonaroja.com.mx\/index.php?rest_route=\/wp\/v2\/posts\/5160\/revisions\/5163"}],"wp:featuredmedia":[{"embeddable":true,"href":"https:\/\/zonaroja.com.mx\/index.php?rest_route=\/wp\/v2\/media\/5161"}],"wp:attachment":[{"href":"https:\/\/zonaroja.com.mx\/index.php?rest_route=%2Fwp%2Fv2%2Fmedia&parent=5160"}],"wp:term":[{"taxonomy":"category","embeddable":true,"href":"https:\/\/zonaroja.com.mx\/index.php?rest_route=%2Fwp%2Fv2%2Fcategories&post=5160"},{"taxonomy":"post_tag","embeddable":true,"href":"https:\/\/zonaroja.com.mx\/index.php?rest_route=%2Fwp%2Fv2%2Ftags&post=5160"}],"curies":[{"name":"wp","href":"https:\/\/api.w.org\/{rel}","templated":true}]}}