{"id":51604,"date":"2023-02-13T11:28:00","date_gmt":"2023-02-13T17:28:00","guid":{"rendered":"http:\/\/www.zonaroja.com.mx\/?p=51604"},"modified":"2023-02-13T08:31:33","modified_gmt":"2023-02-13T14:31:33","slug":"a-falta-de-luz-en-junta-de-conciliacion-y-arbitraje-se-alumbraban-con-celulares","status":"publish","type":"post","link":"https:\/\/zonaroja.com.mx\/?p=51604","title":{"rendered":"A falta de luz, en Junta de Conciliaci\u00f3n y Arbitraje se alumbraban con celulares"},"content":{"rendered":"\n<p>Redacci\u00f3n\/Zona Roja.<\/p>\n\n\n\n<p>Oaxaca de Ju\u00e1rez, Oax., 13 de febrero de 2013.- En absoluto abandono del gobierno de Alejandro Murat, trabajadores de la Junta Local de Conciliaci\u00f3n y Arbitraje se ten\u00edan que alumbrar con la luz de los tel\u00e9fonos celulares, a falta de energ\u00eda el\u00e9ctrica.<\/p>\n\n\n\n<p>\u201cEncontramos oficinas sin luz, donde los trabajadores se tienen que alumbrar con sus celulares, lonas en lugar de techos ante las goteras, equipo de c\u00f3mputo y copiadoras descontinuadas, notas donde el personal pag\u00f3 su propio internet y copias\u201d.<\/p>\n\n\n\n<p>As\u00ed lo revel\u00f3 el titular de la Consejer\u00eda Jur\u00eddica del Gobierno del Estado, Geovany V\u00e1squez Sagrero, quien el pasado fin de semana recorri\u00f3 las oficinas ubicadas en el bulevar Eduardo Vasconcelos de la capital, junto con el nuevo presidente de la Junta, Isaac Pantiga Osorio.<\/p>\n\n\n\n<p>Durante el encuentro, escucharon a los trabajadores sindicalizados, quienes detallaron las m\u00faltiples irregularidades y el abandono en que se hall\u00f3 la instituci\u00f3n, que precisamente defiende los derechos de los trabajadores y media en caso de conflictos con los patrones.<\/p>\n\n\n\n<p>\u201cNos comprometimos a mejorar esta situaci\u00f3n y a corto plazo, realizaremos un tequio el pr\u00f3ximo fin de semana, para despu\u00e9s continuar con las gestiones para que cuenten con un espacio digno para ejercer sus labores\u201d, inform\u00f3 el funcionario estatal.<\/p>\n\n\n\n<p>El \u00faltimo funcionario responsable de esa instancia durante el sexenio anterior fue V\u00edctor Alberto Quiroz Arellanes, de quien tambi\u00e9n los sindicatos tuvieron quejas por su tardanza en la resoluci\u00f3n de conflictos, al argumentar el funcionario complicaciones por la pandemia de Covid-19.<\/p>\n\n\n\n<figure class=\"wp-block-embed is-type-rich is-provider-twitter wp-block-embed-twitter\"><div class=\"wp-block-embed__wrapper\">\n<div class=\"twitter-tweet\"><blockquote class=\"twitter-tweet\" data-lang=\"es\"><p lang=\"es\" dir=\"ltr\">Encontramos oficinas sin luz, donde los trabajadores se tienen que alumbrar con sus celulares, lonas en lugar de techos ante las goteras, equipo de c\u00f3mputo y copiadoras descontinuadas, notas donde el personal pag\u00f3 su propio internet y copias \ud83e\uddf5 <a href=\"https:\/\/t.co\/VNnxDSKvRZ\">pic.twitter.com\/VNnxDSKvRZ<\/a><\/p>&mdash; Geovany V\u00e1squez S. (@geovanyvasquez) <a href=\"https:\/\/twitter.com\/geovanyvasquez\/status\/1624519767645200385?ref_src=twsrc%5Etfw\">11 de febrero de 2023<\/a><\/blockquote><\/div>\n<\/div><\/figure>\n","protected":false},"excerpt":{"rendered":"<p>Redacci\u00f3n\/Zona Roja. Oaxaca de Ju\u00e1rez, Oax., 13 de febrero de 2013.- En absoluto abandono del&hellip;<\/p>\n","protected":false},"author":2,"featured_media":51605,"comment_status":"closed","ping_status":"open","sticky":false,"template":"","format":"standard","meta":{"_lmt_disableupdate":"","_lmt_disable":"","_jetpack_memberships_contains_paid_content":false,"footnotes":""},"categories":[109,47],"tags":[3435,3356],"class_list":["post-51604","post","type-post","status-publish","format-standard","has-post-thumbnail","hentry","category-minuto-a-minuto","category-zona-gris","tag-consejeria-juridica-gobierno-del-estado","tag-geovany-vasquez-sagrero"],"jetpack_featured_media_url":"https:\/\/zonaroja.com.mx\/wp-content\/uploads\/2023\/02\/IMG_3814.jpg","jetpack_sharing_enabled":true,"_links":{"self":[{"href":"https:\/\/zonaroja.com.mx\/index.php?rest_route=\/wp\/v2\/posts\/51604","targetHints":{"allow":["GET"]}}],"collection":[{"href":"https:\/\/zonaroja.com.mx\/index.php?rest_route=\/wp\/v2\/posts"}],"about":[{"href":"https:\/\/zonaroja.com.mx\/index.php?rest_route=\/wp\/v2\/types\/post"}],"author":[{"embeddable":true,"href":"https:\/\/zonaroja.com.mx\/index.php?rest_route=\/wp\/v2\/users\/2"}],"replies":[{"embeddable":true,"href":"https:\/\/zonaroja.com.mx\/index.php?rest_route=%2Fwp%2Fv2%2Fcomments&post=51604"}],"version-history":[{"count":1,"href":"https:\/\/zonaroja.com.mx\/index.php?rest_route=\/wp\/v2\/posts\/51604\/revisions"}],"predecessor-version":[{"id":51606,"href":"https:\/\/zonaroja.com.mx\/index.php?rest_route=\/wp\/v2\/posts\/51604\/revisions\/51606"}],"wp:featuredmedia":[{"embeddable":true,"href":"https:\/\/zonaroja.com.mx\/index.php?rest_route=\/wp\/v2\/media\/51605"}],"wp:attachment":[{"href":"https:\/\/zonaroja.com.mx\/index.php?rest_route=%2Fwp%2Fv2%2Fmedia&parent=51604"}],"wp:term":[{"taxonomy":"category","embeddable":true,"href":"https:\/\/zonaroja.com.mx\/index.php?rest_route=%2Fwp%2Fv2%2Fcategories&post=51604"},{"taxonomy":"post_tag","embeddable":true,"href":"https:\/\/zonaroja.com.mx\/index.php?rest_route=%2Fwp%2Fv2%2Ftags&post=51604"}],"curies":[{"name":"wp","href":"https:\/\/api.w.org\/{rel}","templated":true}]}}