{"id":51607,"date":"2023-02-13T12:31:00","date_gmt":"2023-02-13T18:31:00","guid":{"rendered":"http:\/\/www.zonaroja.com.mx\/?p=51607"},"modified":"2023-02-13T19:01:20","modified_gmt":"2023-02-14T01:01:20","slug":"p1-3","status":"publish","type":"post","link":"https:\/\/zonaroja.com.mx\/?p=51607","title":{"rendered":"Exige Quiatoni alto a la explotaci\u00f3n ilegal de minerales; demandan resoluci\u00f3n del juez"},"content":{"rendered":"\n<p>Yuridiana Sosa\/ Zona Roja.<\/p>\n\n\n\n<p>Oaxaca de Ju\u00e1rez, Oax., a 13 de febrero de 2023.- Autoridades comunitarias y habitantes de San Pedro Quiatoni, en Valles Centrales de Oaxaca, reafirmaron su rechazo a la operaci\u00f3n ilegal de la minera Don David Gold M\u00e9xico, la cual a pesar de una resoluci\u00f3n de un juez federal, sigue explotando sus recursos minerales y da\u00f1ando el medio ambiente.<\/p>\n\n\n\n<p>En conferencia de prensa, este lunes en la ciudad de Oaxaca, demandaron al juez que considere la m\u00e1s reciente decisi\u00f3n de la asamblea general de la comunidad del 29 de enero, en la que determinan rechazo absoluto a la minera y defensa de su tierra y territorio, as\u00ed como que la resoluci\u00f3n final sea m\u00e1s \u00e1gil, pues el proceso judicial cumpli\u00f3 tres a\u00f1os este 12 de febrero, pero desde hace 13 a\u00f1os la empresa minera ha explotado a su comunidad.<\/p>\n\n\n\n<p>A ello se le agrega que en ning\u00fan momento se ha aplicado la consulta previa, libre e informada para la decisi\u00f3n de los habitantes.<\/p>\n\n\n\n<p>El abogado de la comunidad, Elias G\u00f3mez Mart\u00ednez, se\u00f1al\u00f3 que la minera Don David Gold entr\u00f3 en funciones en Oaxaca en 2010, pero ante el rechazo de Quiatoni comenz\u00f3 operaciones de forma ilegal.<\/p>\n\n\n\n<p>A escaso 50 metros del l\u00edmite de San Pedro, del Distrito de Tlacolula, la empresa construy\u00f3 una \u201cbocamina\u201d en el municipio vecino de San Pedro Totolapam, a partir de la cual inici\u00f3 con la construcci\u00f3n de t\u00faneles hacia Quiatoni para la extracci\u00f3n de oro, cobre, plata, zinc entre otros minerales.<\/p>\n\n\n\n<p>Tras el juicio de amparo el juez concedi\u00f3 una suspensi\u00f3n de plano a su favor, la cual ha ignorado la empresa minera, continuando operaciones bajo una supuesta concesi\u00f3n otorgada por la Secretar\u00eda de Econom\u00eda de M\u00e9xico por 50 a\u00f1os.<\/p>\n\n\n\n<p>Los da\u00f1os en su comunidad son visibles y cada vez m\u00e1s irreversibles en su medio ambiente, pues se registra la contaminaci\u00f3n de sus r\u00edos, los pozos de agua se han secado y las tierras de cultivo ya no producen.<\/p>\n\n\n\n<p>Adem\u00e1s, las vibraciones por las constantes explotaciones en los t\u00faneles han causado grietas en las viviendas y palenques de mezcal.<br>\u201cNunca les vamos a dar permiso\u201d aseveraron las autoridades y habitantes de Quiatoni, quienes a su vez conf\u00edan en que el juez federal les dar\u00e1 la raz\u00f3n.<\/p>\n\n\n\n<p>Sobre este caso, agregaron, el presidente Andr\u00e9s Manuel L\u00f3pez Obrador tiene conocimiento, pero hasta ahora el gobierno del federal no ha intervenido. <\/p>\n\n\n\n<figure class=\"wp-block-embed is-type-rich is-provider-twitter wp-block-embed-twitter\"><div class=\"wp-block-embed__wrapper\">\n<div class=\"twitter-tweet\"><blockquote class=\"twitter-tweet\" data-lang=\"es\"><p lang=\"es\" dir=\"ltr\"><a href=\"https:\/\/twitter.com\/hashtag\/ENVIVO?src=hash&amp;ref_src=twsrc%5Etfw\">#ENVIVO<\/a><br>Conferencia de prensa autoridades de San Pedro Quiatoni, en la capital de <a href=\"https:\/\/twitter.com\/hashtag\/Oaxaca?src=hash&amp;ref_src=twsrc%5Etfw\">#Oaxaca<\/a>, para reiterar su rechazo a la instalaci\u00f3n de una compa\u00f1\u00eda minera en su comunidad del distrito de Tlacolula.<br><br>Transmisi\u00f3n \ud83d\udc47<a href=\"https:\/\/t.co\/r9GfijCR8X\">https:\/\/t.co\/r9GfijCR8X<\/a> <a href=\"https:\/\/t.co\/K82X1Os671\">pic.twitter.com\/K82X1Os671<\/a><\/p>&mdash; Zona Roja Oaxaca (@ZonaRoja_Oaxaca) <a href=\"https:\/\/twitter.com\/ZonaRoja_Oaxaca\/status\/1625169188238114821?ref_src=twsrc%5Etfw\">13 de febrero de 2023<\/a><\/blockquote><\/div>\n<\/div><\/figure>\n\n\n\n<p><\/p>\n","protected":false},"excerpt":{"rendered":"<p>Yuridiana Sosa\/ Zona Roja. Oaxaca de Ju\u00e1rez, Oax., a 13 de febrero de 2023.- Autoridades&hellip;<\/p>\n","protected":false},"author":2,"featured_media":51614,"comment_status":"closed","ping_status":"open","sticky":false,"template":"","format":"standard","meta":{"_lmt_disableupdate":"","_lmt_disable":"","_jetpack_memberships_contains_paid_content":false,"footnotes":""},"categories":[109,47],"tags":[3157],"class_list":["post-51607","post","type-post","status-publish","format-standard","has-post-thumbnail","hentry","category-minuto-a-minuto","category-zona-gris","tag-san-pedro-quiatoni"],"jetpack_featured_media_url":"https:\/\/zonaroja.com.mx\/wp-content\/uploads\/2023\/02\/b7d05a1c-0de0-4bc0-88aa-fb0fdbb566d1.jpg","jetpack_sharing_enabled":true,"_links":{"self":[{"href":"https:\/\/zonaroja.com.mx\/index.php?rest_route=\/wp\/v2\/posts\/51607","targetHints":{"allow":["GET"]}}],"collection":[{"href":"https:\/\/zonaroja.com.mx\/index.php?rest_route=\/wp\/v2\/posts"}],"about":[{"href":"https:\/\/zonaroja.com.mx\/index.php?rest_route=\/wp\/v2\/types\/post"}],"author":[{"embeddable":true,"href":"https:\/\/zonaroja.com.mx\/index.php?rest_route=\/wp\/v2\/users\/2"}],"replies":[{"embeddable":true,"href":"https:\/\/zonaroja.com.mx\/index.php?rest_route=%2Fwp%2Fv2%2Fcomments&post=51607"}],"version-history":[{"count":3,"href":"https:\/\/zonaroja.com.mx\/index.php?rest_route=\/wp\/v2\/posts\/51607\/revisions"}],"predecessor-version":[{"id":51622,"href":"https:\/\/zonaroja.com.mx\/index.php?rest_route=\/wp\/v2\/posts\/51607\/revisions\/51622"}],"wp:featuredmedia":[{"embeddable":true,"href":"https:\/\/zonaroja.com.mx\/index.php?rest_route=\/wp\/v2\/media\/51614"}],"wp:attachment":[{"href":"https:\/\/zonaroja.com.mx\/index.php?rest_route=%2Fwp%2Fv2%2Fmedia&parent=51607"}],"wp:term":[{"taxonomy":"category","embeddable":true,"href":"https:\/\/zonaroja.com.mx\/index.php?rest_route=%2Fwp%2Fv2%2Fcategories&post=51607"},{"taxonomy":"post_tag","embeddable":true,"href":"https:\/\/zonaroja.com.mx\/index.php?rest_route=%2Fwp%2Fv2%2Ftags&post=51607"}],"curies":[{"name":"wp","href":"https:\/\/api.w.org\/{rel}","templated":true}]}}