{"id":51609,"date":"2023-02-13T14:32:00","date_gmt":"2023-02-13T20:32:00","guid":{"rendered":"http:\/\/www.zonaroja.com.mx\/?p=51609"},"modified":"2023-02-13T19:00:42","modified_gmt":"2023-02-14T01:00:42","slug":"p2-3","status":"publish","type":"post","link":"https:\/\/zonaroja.com.mx\/?p=51609","title":{"rendered":"Otra vez, emplaza Secci\u00f3n 22 de SNTE a Jara Cruz, ahora por caso Nochixtl\u00e1n"},"content":{"rendered":"\n<p>Yuridiana Sosa\/Zona Roja.&nbsp;<\/p>\n\n\n\n<p>Oaxaca de Ju\u00e1rez, Oax., a 13 de febrero de 2023.- La Secci\u00f3n 22 del Sindicato Nacional de Trabajadores de la Educaci\u00f3n (SNTE) volvi\u00f3 a emplazar al gobierno de Salom\u00f3n Jara Cruz para que abra de manera inmediata las mesas de negociaci\u00f3n por justicia para el caso de Nochixtl\u00e1n, a casi siete a\u00f1os de los hechos.<\/p>\n\n\n\n<p>En conferencia de prensa frente a Palacio de Gobierno en la ciudad de Oaxaca, la gremial mostr\u00f3 su respaldo absoluto y acompa\u00f1amiento jur\u00eddico-pol\u00edtico al Comit\u00e9 de V\u00edctimas de Nochixtl\u00e1n, con quien el gobierno estatal no ha tenido ning\u00fan tipo de di\u00e1logo pese a ser un tema pendiente en materia de justicia penal y social.<\/p>\n\n\n\n<p>La secretaria general de la Secci\u00f3n 22, Yenni Araceli P\u00e9rez Mart\u00ednez, reiter\u00f3 que los maestros de Oaxaca insisten en su exigencia de justicia por las familias v\u00edctimas del ataque de las fuerzas del Estado contra quienes mostraron su rechazo a la reforma educativa.<\/p>\n\n\n\n<p>En estas mesas se incluye la participaci\u00f3n de la gremial, que desde el nuevo Comit\u00e9 Ejecutivo Seccional cuenta con nuevas demandas pol\u00edticas, sociales, educativas y sindicales, por lo que de no instalarse en una semana las mesas necesarias volver\u00e1n a movilizarse.<\/p>\n\n\n\n<p>Durante la conferencia la dirigente tambi\u00e9n se\u00f1al\u00f3 que es indignante que el gobierno de Andr\u00e9s Manuel L\u00f3pez Obrador no haya atendido a las v\u00edctimas de Nochixtl\u00e1n pese a las constantes peticiones en cada visita a Oaxaca y durante su gobierno no se inicien investigaciones contra los autores intelectuales del hecho donde se registraron la p\u00e9rdida de vidas humanas.<\/p>\n\n\n\n<p>RESPALDO A NORMALISTAS<\/p>\n\n\n\n<p>La secretaria de la Secci\u00f3n 22 del SNTE, Yenni Araceli P\u00e9rez Mart\u00ednez, se\u00f1al\u00f3 que ofrecen su respaldo a las demandas de los normalistas para que sean contratados de manera directa.<\/p>\n\n\n\n<p>En entrevista colectiva, dijo que aunque a\u00fan no habido oportunidad de volver a dialogar con el gobernador Salom\u00f3n Jara sobre su pliego de demandas, el caso de los normalistas lo tienen previsto.<\/p>\n\n\n\n<p>Mientras que, por su parte, egresados normalistas volvieron a manifestarse este lunes con la \u201ctoman\u201d camiones y bloqueos en vialidades de la colonia Reforma, para la cual cargan con llantas viejas y gasolina. <\/p>\n\n\n\n<p>En tanto que mantienen su \u201cplant\u00f3n\u201d por dos semanas en el Centro Hist\u00f3rico de Oaxaca.P\u00e9rez Mart\u00ednez agreg\u00f3 que la toma de nota para el reconocimiento de la nueva dirigencia est\u00e1 por entregarse en los pr\u00f3ximos d\u00edas.<\/p>\n","protected":false},"excerpt":{"rendered":"<p>Yuridiana Sosa\/Zona Roja.&nbsp; Oaxaca de Ju\u00e1rez, Oax., a 13 de febrero de 2023.- La Secci\u00f3n&hellip;<\/p>\n","protected":false},"author":2,"featured_media":51616,"comment_status":"closed","ping_status":"open","sticky":false,"template":"","format":"standard","meta":{"_lmt_disableupdate":"","_lmt_disable":"","_jetpack_memberships_contains_paid_content":false,"footnotes":""},"categories":[109,47],"tags":[312],"class_list":["post-51609","post","type-post","status-publish","format-standard","has-post-thumbnail","hentry","category-minuto-a-minuto","category-zona-gris","tag-seccion-22-del-snte"],"jetpack_featured_media_url":"https:\/\/zonaroja.com.mx\/wp-content\/uploads\/2023\/02\/b30035d8-05ff-49ab-80e0-5729da4a316a.jpg","jetpack_sharing_enabled":true,"_links":{"self":[{"href":"https:\/\/zonaroja.com.mx\/index.php?rest_route=\/wp\/v2\/posts\/51609","targetHints":{"allow":["GET"]}}],"collection":[{"href":"https:\/\/zonaroja.com.mx\/index.php?rest_route=\/wp\/v2\/posts"}],"about":[{"href":"https:\/\/zonaroja.com.mx\/index.php?rest_route=\/wp\/v2\/types\/post"}],"author":[{"embeddable":true,"href":"https:\/\/zonaroja.com.mx\/index.php?rest_route=\/wp\/v2\/users\/2"}],"replies":[{"embeddable":true,"href":"https:\/\/zonaroja.com.mx\/index.php?rest_route=%2Fwp%2Fv2%2Fcomments&post=51609"}],"version-history":[{"count":2,"href":"https:\/\/zonaroja.com.mx\/index.php?rest_route=\/wp\/v2\/posts\/51609\/revisions"}],"predecessor-version":[{"id":51617,"href":"https:\/\/zonaroja.com.mx\/index.php?rest_route=\/wp\/v2\/posts\/51609\/revisions\/51617"}],"wp:featuredmedia":[{"embeddable":true,"href":"https:\/\/zonaroja.com.mx\/index.php?rest_route=\/wp\/v2\/media\/51616"}],"wp:attachment":[{"href":"https:\/\/zonaroja.com.mx\/index.php?rest_route=%2Fwp%2Fv2%2Fmedia&parent=51609"}],"wp:term":[{"taxonomy":"category","embeddable":true,"href":"https:\/\/zonaroja.com.mx\/index.php?rest_route=%2Fwp%2Fv2%2Fcategories&post=51609"},{"taxonomy":"post_tag","embeddable":true,"href":"https:\/\/zonaroja.com.mx\/index.php?rest_route=%2Fwp%2Fv2%2Ftags&post=51609"}],"curies":[{"name":"wp","href":"https:\/\/api.w.org\/{rel}","templated":true}]}}