{"id":51623,"date":"2023-02-13T20:16:50","date_gmt":"2023-02-14T02:16:50","guid":{"rendered":"http:\/\/www.zonaroja.com.mx\/?p=51623"},"modified":"2023-02-13T20:16:52","modified_gmt":"2023-02-14T02:16:52","slug":"creciente-ingobernabilidad-en-oaxaca-bloqueos-quema-de-llantas-toma-de-autobuses","status":"publish","type":"post","link":"https:\/\/zonaroja.com.mx\/?p=51623","title":{"rendered":"Creciente ingobernabilidad en Oaxaca; bloqueos, quema de llantas, \u201ctoma\u201d de autobuses\u2026"},"content":{"rendered":"\n<p>Yuridiana Sosa\/Zona Roja.<\/p>\n\n\n\n<p>Oaxaca de Ju\u00e1rez, Oax., a 13 de febrero de 2023.- A falta de operadores pol\u00edticos y ante la pasividad de la Secretar\u00eda de Gobierno, las protestas escalan en Oaxaca y son cada vez m\u00e1s intensas.<\/p>\n\n\n\n<p>Este lunes hubo al menos dos bloqueos carreteros en el interior del estado; protesta de organizaciones y la Secci\u00f3n 22 en el z\u00f3calo; \u201ctoma\u201d de autobuses y de oficinas por parte de egresados normalistas y quema de llantas, en la capital.<\/p>\n\n\n\n<p>IRRITACI\u00d3N NORMALISTA<\/p>\n\n\n\n<p>Alrededor del mediod\u00eda, normalistas que buscan una plaza de docente se manifestaron con la \u201ctoma\u201d de urbanos, bloqueos y el cierre de oficinas del IEEPO por la falta de respuestas de esta dependencia a cargo de Emilio Montero, a m\u00e1s de un mes de la entrega de su pliego de peticiones.<\/p>\n\n\n\n<p>Armados de gasolina, llantas viejas y cohetones, los egresados que quieren plazas directas, comenzaron con la retenci\u00f3n de unidades del transporte urbano en el Centro Hist\u00f3rico de Oaxaca para despu\u00e9s trasladarse a las oficinas del Instituto Estatal de Educaci\u00f3n P\u00fablica de Oaxaca en la colonia Reforma.<\/p>\n\n\n\n<figure class=\"wp-block-embed is-type-rich is-provider-twitter wp-block-embed-twitter\"><div class=\"wp-block-embed__wrapper\">\n<div class=\"twitter-tweet\"><blockquote class=\"twitter-tweet\" data-lang=\"es\"><p lang=\"es\" dir=\"ltr\"><a href=\"https:\/\/twitter.com\/hashtag\/%C3%9AltimoMinuto?src=hash&amp;ref_src=twsrc%5Etfw\">#\u00daltimoMinuto<\/a><br>Las cotidianas protestas y bloqueos en <a href=\"https:\/\/twitter.com\/hashtag\/Oaxaca?src=hash&amp;ref_src=twsrc%5Etfw\">#Oaxaca<\/a>:<br>-Familiares de Andrea Itzel y pobladores bloquean la supercarretera a M\u00e9xico, a la altura de Suchilquitongo, Etla.<br>-Habitantes de San Pedro Huamelula cierran la v\u00eda federal 200 de la Costa. <a href=\"https:\/\/t.co\/MvrLTTE5c3\">pic.twitter.com\/MvrLTTE5c3<\/a><\/p>&mdash; Zona Roja Oaxaca (@ZonaRoja_Oaxaca) <a href=\"https:\/\/twitter.com\/ZonaRoja_Oaxaca\/status\/1625193819460472832?ref_src=twsrc%5Etfw\">13 de febrero de 2023<\/a><\/blockquote><\/div>\n<\/div><\/figure>\n\n\n\n<p>Los futuros maestros dejaron por un momento el campamento que mantienen desde hace dos semanas en la calle de Armenta y L\u00f3pez, frente al edificio de la Secci\u00f3n 22 del SNTE.<\/p>\n\n\n\n<p>Sostuvieron que el Gobierno del Estado no ha dado paso a ninguna atenci\u00f3n a su pliego por parte de ninguna dependencia, mucho menos por el IEEPO, al que desmintieron de ofrecer respuestas y estar abierto a las mesas de di\u00e1logo.<\/p>\n\n\n\n<p>Las protestas de los normalistas han causado p\u00e9rdidas econ\u00f3micas al sector empresarial de la capital, y al transporte, pese a ello, la autoridad estatal se mantiene omisa y sin garantizar las condiciones para ejercer sus labores.<\/p>\n\n\n\n<p>OTRAS PROTESTAS<\/p>\n\n\n\n<p>En la capital tambi\u00e9n, el Comit\u00e9 de V\u00edctimas de Nochixtl\u00e1n, con el respaldo de la Secci\u00f3n 22 del SNTE y otras organizaciones, protest\u00f3 en el exterior del Palacio de Gobierno, para insistir en que se haga justicia por los masacrados el 19 de junio de 2016, en Asunci\u00f3n Nochixtl\u00e1n.<\/p>\n\n\n\n<p>Por otra parte, desde temprana hora de este lunes, familiares de la joven desaparecida Andrea Itzel Mart\u00ednez Castellanos, instalaron un bloqueo en la supercarretera a M\u00e9xico, a la altura de la poblaci\u00f3n de Santiago Suchilquitongo, lugar en de donde es originaria y desapareci\u00f3.<\/p>\n\n\n\n<figure class=\"wp-block-embed is-type-rich is-provider-twitter wp-block-embed-twitter\"><div class=\"wp-block-embed__wrapper\">\n<div class=\"twitter-tweet\"><blockquote class=\"twitter-tweet\" data-lang=\"es\"><p lang=\"es\" dir=\"ltr\"><a href=\"https:\/\/twitter.com\/hashtag\/ENVIVO?src=hash&amp;ref_src=twsrc%5Etfw\">#ENVIVO<\/a><br>Conferencia de prensa de egresados normalistas de <a href=\"https:\/\/twitter.com\/hashtag\/Oaxaca?src=hash&amp;ref_src=twsrc%5Etfw\">#Oaxaca<\/a>, que exigen plaza autom\u00e1tica de docentes. <br>Insisten que no hay ninguna atenci\u00f3n por parte del <a href=\"https:\/\/twitter.com\/IEEPOGobOax?ref_src=twsrc%5Etfw\">@IEEPOGobOax<\/a> y tachan de mentiroso a <a href=\"https:\/\/twitter.com\/EMILIOMONTEROP?ref_src=twsrc%5Etfw\">@emiliomonterop<\/a>; seguir\u00e1n movilizaciones.<br>\ud83d\udc47<a href=\"https:\/\/t.co\/wmlxFCB91F\">https:\/\/t.co\/wmlxFCB91F<\/a> <a href=\"https:\/\/t.co\/8QRA8DjTdC\">pic.twitter.com\/8QRA8DjTdC<\/a><\/p>&mdash; Zona Roja Oaxaca (@ZonaRoja_Oaxaca) <a href=\"https:\/\/twitter.com\/ZonaRoja_Oaxaca\/status\/1625237260169011200?ref_src=twsrc%5Etfw\">13 de febrero de 2023<\/a><\/blockquote><\/div>\n<\/div><\/figure>\n\n\n\n<p>A casi un mes de los hechos ocurridos el 17 de enero, la Fiscal\u00eda General de Oaxaca no ha logrado dar con su paradero ni ofrece avances sobre la investigaci\u00f3n del caso, por lo que los familiares y amigos de la menor de 17 a\u00f1os realizan acciones para presionar a las autoridades a dar respuesta.<\/p>\n\n\n\n<p>El bloqueo, con cuerdas y cartulinas, caus\u00f3 graves afectaciones viales a la carretera de alta afluencia.<\/p>\n\n\n\n<p>Mientras que en la regi\u00f3n de la Costa, habitantes de San Pedro Huamelula bloquearon la carretera federal 200, en el tramo Salina Cruz- Huatulco, a la altura de la comunidad de El Coyul.<\/p>\n\n\n\n<p>Los pobladores denunciaron el despojo de tierras de los comuneros, las cuales fueron entregadas a un particular, quien cambi\u00f3 el uso de suelo para realizar una construcci\u00f3n, afectando el medio ambiente.<\/p>\n\n\n\n<p>Los afectados acusan actos de corrupci\u00f3n por parte de jueces y magistrados del Tribunal Agrario para otorgar cerca de mil 400 hect\u00e1reas de tierras a una familia.&nbsp;<\/p>\n","protected":false},"excerpt":{"rendered":"<p>Yuridiana Sosa\/Zona Roja. Oaxaca de Ju\u00e1rez, Oax., a 13 de febrero de 2023.- A falta&hellip;<\/p>\n","protected":false},"author":2,"featured_media":51624,"comment_status":"closed","ping_status":"open","sticky":false,"template":"","format":"standard","meta":{"_lmt_disableupdate":"","_lmt_disable":"","_jetpack_memberships_contains_paid_content":false,"footnotes":""},"categories":[109,47],"tags":[2264],"class_list":["post-51623","post","type-post","status-publish","format-standard","has-post-thumbnail","hentry","category-minuto-a-minuto","category-zona-gris","tag-bloqueos-y-protestas-oaxaca"],"jetpack_featured_media_url":"https:\/\/zonaroja.com.mx\/wp-content\/uploads\/2023\/02\/Bloqueos-y-protestas-ciudad-de-Oaxaca-y-estado.jpg","jetpack_sharing_enabled":true,"_links":{"self":[{"href":"https:\/\/zonaroja.com.mx\/index.php?rest_route=\/wp\/v2\/posts\/51623","targetHints":{"allow":["GET"]}}],"collection":[{"href":"https:\/\/zonaroja.com.mx\/index.php?rest_route=\/wp\/v2\/posts"}],"about":[{"href":"https:\/\/zonaroja.com.mx\/index.php?rest_route=\/wp\/v2\/types\/post"}],"author":[{"embeddable":true,"href":"https:\/\/zonaroja.com.mx\/index.php?rest_route=\/wp\/v2\/users\/2"}],"replies":[{"embeddable":true,"href":"https:\/\/zonaroja.com.mx\/index.php?rest_route=%2Fwp%2Fv2%2Fcomments&post=51623"}],"version-history":[{"count":1,"href":"https:\/\/zonaroja.com.mx\/index.php?rest_route=\/wp\/v2\/posts\/51623\/revisions"}],"predecessor-version":[{"id":51625,"href":"https:\/\/zonaroja.com.mx\/index.php?rest_route=\/wp\/v2\/posts\/51623\/revisions\/51625"}],"wp:featuredmedia":[{"embeddable":true,"href":"https:\/\/zonaroja.com.mx\/index.php?rest_route=\/wp\/v2\/media\/51624"}],"wp:attachment":[{"href":"https:\/\/zonaroja.com.mx\/index.php?rest_route=%2Fwp%2Fv2%2Fmedia&parent=51623"}],"wp:term":[{"taxonomy":"category","embeddable":true,"href":"https:\/\/zonaroja.com.mx\/index.php?rest_route=%2Fwp%2Fv2%2Fcategories&post=51623"},{"taxonomy":"post_tag","embeddable":true,"href":"https:\/\/zonaroja.com.mx\/index.php?rest_route=%2Fwp%2Fv2%2Ftags&post=51623"}],"curies":[{"name":"wp","href":"https:\/\/api.w.org\/{rel}","templated":true}]}}