{"id":51626,"date":"2023-02-13T21:50:17","date_gmt":"2023-02-14T03:50:17","guid":{"rendered":"http:\/\/www.zonaroja.com.mx\/?p=51626"},"modified":"2023-02-13T21:50:21","modified_gmt":"2023-02-14T03:50:21","slug":"cada-vez-mas-roja-la-primavera-oaxaquena-ejecutan-un-policia-y-lesionan-a-otro","status":"publish","type":"post","link":"https:\/\/zonaroja.com.mx\/?p=51626","title":{"rendered":"Cada vez m\u00e1s roja la \u201cprimavera oaxaque\u00f1a\u201d: ejecutan un polic\u00eda y lesionan a otro"},"content":{"rendered":"\n<p>Redacci\u00f3n\/Zona Roja.<\/p>\n\n\n\n<p>Oaxaca de Ju\u00e1rez, Oax., a 13 de febrero de 2023.- Ante la pasividad de la Secretar\u00eda de Seguridad y Protecci\u00f3n Ciudadana del gobierno de Oaxaca, la violencia crece sin freno.<\/p>\n\n\n\n<p>La noche de este lunes, un grupo armado atac\u00f3 a polic\u00edas municipales de Santa Cruz Xoxocotl\u00e1n, lo que dej\u00f3 como saldo preliminar un uniformado lesionado y otro fallecido.<\/p>\n\n\n\n<p>La agresi\u00f3n ocurri\u00f3 en contra de motopatrulleros en la colonia Miner\u00eda de dicho municipio, conjurando a la capital de Oaxaca.<\/p>\n\n\n\n<p>A falta de polic\u00edas en la zona, no hubo persecuci\u00f3n inmediata de los delincuentes.&nbsp;<\/p>\n\n\n\n<p>El uniformado victimado fue identificado como Roberto Ignacio H., mientras que su compa\u00f1ero Pedro L. R., convalece en un hospital de la capital y lo reportan delicado de salud.<\/p>\n\n\n\n<p>Presuntamente habr\u00eda un atacante detenido; sin embargo, hasta el momento ni el ayuntamiento de Xoxocotl\u00e1n ni la Secretar\u00eda de Seguridad ni la Fiscal\u00eda General del Estado han confirmado la informaci\u00f3n.<\/p>\n\n\n\n<p>Apenas el pasado fin de semana, corporaciones de los tres niveles de gobierno efectuaron supuestos operativos en ese municipio de la zona metropolitana de la capital, pero s\u00f3lo fue para acallar las cr\u00edticas ante la ola de violencia en dicho municipio.<\/p>\n\n\n\n<figure class=\"wp-block-embed is-type-rich is-provider-twitter wp-block-embed-twitter\"><div class=\"wp-block-embed__wrapper\">\n<div class=\"twitter-tweet\"><blockquote class=\"twitter-tweet\" data-lang=\"es\"><p lang=\"es\" dir=\"ltr\">Como Roberto Ignacio \u201cN\u201d fue identificado el polic\u00eda municipal asesinado a balazos alrededor de las 19:00 horas en la colonia Miner\u00eda de Santa Cruz <a href=\"https:\/\/twitter.com\/hashtag\/Xoxocotl%C3%A1n?src=hash&amp;ref_src=twsrc%5Etfw\">#Xoxocotl\u00e1n<\/a>, municipio conurbado a la capital de <a href=\"https:\/\/twitter.com\/hashtag\/Oaxaca?src=hash&amp;ref_src=twsrc%5Etfw\">#Oaxaca<\/a>; otro uniformado fue trasladado a un hospital. <a href=\"https:\/\/t.co\/GvAnB7jiUo\">pic.twitter.com\/GvAnB7jiUo<\/a><\/p>&mdash; Zona Roja Oaxaca (@ZonaRoja_Oaxaca) <a href=\"https:\/\/twitter.com\/ZonaRoja_Oaxaca\/status\/1625309164825362434?ref_src=twsrc%5Etfw\">14 de febrero de 2023<\/a><\/blockquote><\/div>\n<\/div><\/figure>\n","protected":false},"excerpt":{"rendered":"<p>Redacci\u00f3n\/Zona Roja. Oaxaca de Ju\u00e1rez, Oax., a 13 de febrero de 2023.- Ante la pasividad&hellip;<\/p>\n","protected":false},"author":2,"featured_media":51627,"comment_status":"closed","ping_status":"open","sticky":false,"template":"","format":"standard","meta":{"_lmt_disableupdate":"","_lmt_disable":"","_jetpack_memberships_contains_paid_content":false,"footnotes":""},"categories":[109,51],"tags":[133],"class_list":["post-51626","post","type-post","status-publish","format-standard","has-post-thumbnail","hentry","category-minuto-a-minuto","category-zona-roja","tag-santa-cruz-xoxocotlan"],"jetpack_featured_media_url":"https:\/\/zonaroja.com.mx\/wp-content\/uploads\/2023\/02\/Asesinado-en-Santa-Cruz-Xoxocotlan.jpg","jetpack_sharing_enabled":true,"_links":{"self":[{"href":"https:\/\/zonaroja.com.mx\/index.php?rest_route=\/wp\/v2\/posts\/51626","targetHints":{"allow":["GET"]}}],"collection":[{"href":"https:\/\/zonaroja.com.mx\/index.php?rest_route=\/wp\/v2\/posts"}],"about":[{"href":"https:\/\/zonaroja.com.mx\/index.php?rest_route=\/wp\/v2\/types\/post"}],"author":[{"embeddable":true,"href":"https:\/\/zonaroja.com.mx\/index.php?rest_route=\/wp\/v2\/users\/2"}],"replies":[{"embeddable":true,"href":"https:\/\/zonaroja.com.mx\/index.php?rest_route=%2Fwp%2Fv2%2Fcomments&post=51626"}],"version-history":[{"count":1,"href":"https:\/\/zonaroja.com.mx\/index.php?rest_route=\/wp\/v2\/posts\/51626\/revisions"}],"predecessor-version":[{"id":51628,"href":"https:\/\/zonaroja.com.mx\/index.php?rest_route=\/wp\/v2\/posts\/51626\/revisions\/51628"}],"wp:featuredmedia":[{"embeddable":true,"href":"https:\/\/zonaroja.com.mx\/index.php?rest_route=\/wp\/v2\/media\/51627"}],"wp:attachment":[{"href":"https:\/\/zonaroja.com.mx\/index.php?rest_route=%2Fwp%2Fv2%2Fmedia&parent=51626"}],"wp:term":[{"taxonomy":"category","embeddable":true,"href":"https:\/\/zonaroja.com.mx\/index.php?rest_route=%2Fwp%2Fv2%2Fcategories&post=51626"},{"taxonomy":"post_tag","embeddable":true,"href":"https:\/\/zonaroja.com.mx\/index.php?rest_route=%2Fwp%2Fv2%2Ftags&post=51626"}],"curies":[{"name":"wp","href":"https:\/\/api.w.org\/{rel}","templated":true}]}}