{"id":51629,"date":"2023-02-14T11:09:00","date_gmt":"2023-02-14T17:09:00","guid":{"rendered":"http:\/\/www.zonaroja.com.mx\/?p=51629"},"modified":"2023-02-13T22:20:56","modified_gmt":"2023-02-14T04:20:56","slug":"presentan-ante-el-congreso-iniciativa-para-fortalecer-cargos-comunitarios","status":"publish","type":"post","link":"https:\/\/zonaroja.com.mx\/?p=51629","title":{"rendered":"Presentan ante el Congreso iniciativa para fortalecer cargos comunitarios"},"content":{"rendered":"\n<p>Redacci\u00f3n\/Zona Roja.<\/p>\n\n\n\n<p>Oaxaca de Ju\u00e1rez, Oax., a 14 de febrero de 2023.- En Oaxaca, los pueblos ind\u00edgenas desarrollan sus actividades a trav\u00e9s del sistema tradicional y escalafonario de cargos. La prestaci\u00f3n es obligatoria y gratuita.&nbsp;<\/p>\n\n\n\n<p>Generalmente, el escalaf\u00f3n va de topil, mayor de vara, teniente, juez de camino, integrante del comit\u00e9 de agua potable, secretario, agente, presidente. Cada pueblo tiene su propio sistema escalafonario.<\/p>\n\n\n\n<p>La asociaci\u00f3n civil Litigio Estrat\u00e9gico Ind\u00edgena A. C. present\u00f3 ante el Congreso de Oaxaca una iniciativa ciudadana para reformar la Constituci\u00f3n de Oaxaca. Con esta propuesta de reforma se busca fortalecer, por una parte, la prestaci\u00f3n de los cargos y servicios comunitarios de los pueblos ind\u00edgenas de Oaxaca y, por otra, proteger laboralmente a las personas ind\u00edgenas que tienen la obligaci\u00f3n de desempe\u00f1ar el cargo de manera gratuita.<\/p>\n\n\n\n<p>La iniciativa, firmada por Mariana Y\u00e1\u00f1ez Unda, Carlos Morales S\u00e1nchez y Edgar Aldair P\u00e9rez Ortiz, defensores ind\u00edgenas, reconoce que los pueblos y las comunidades ind\u00edgenas, ante las carencias de recursos econ\u00f3micos proporcionados por el Estado, requieren que los integrantes de los pueblos presten los servicios y cargos en la comunidad de manera gratuita.<\/p>\n\n\n\n<p>Como parte de los servicios de prestaci\u00f3n de cargos, todas las personas del pueblo deben prestar el servicio de manera gratuita y obligatoria.<\/p>\n\n\n\n<p>Con la iniciativa se pretende esencialmente que las personas ind\u00edgenas que trabajen en alguna dependencia o entidad del Gobierno del Estado tengan derecho a \u201creservar\u201d su plaza en su trabajo mientras acuden a sus comunidades a prestar el servicio comunitario y cuando finalicen su servicio, puedan seguir laborando en su trabajo.<\/p>\n","protected":false},"excerpt":{"rendered":"<p>Redacci\u00f3n\/Zona Roja. Oaxaca de Ju\u00e1rez, Oax., a 14 de febrero de 2023.- En Oaxaca, los&hellip;<\/p>\n","protected":false},"author":2,"featured_media":51630,"comment_status":"closed","ping_status":"open","sticky":false,"template":"","format":"standard","meta":{"_lmt_disableupdate":"","_lmt_disable":"","_jetpack_memberships_contains_paid_content":false,"footnotes":""},"categories":[109,46],"tags":[3436],"class_list":["post-51629","post","type-post","status-publish","format-standard","has-post-thumbnail","hentry","category-minuto-a-minuto","category-zona-blanca","tag-litigio-estrategico-a-c"],"jetpack_featured_media_url":"https:\/\/zonaroja.com.mx\/wp-content\/uploads\/2023\/02\/Baston-de-mando-gobierno-municipal-Oaxaca.jpg","jetpack_sharing_enabled":true,"_links":{"self":[{"href":"https:\/\/zonaroja.com.mx\/index.php?rest_route=\/wp\/v2\/posts\/51629","targetHints":{"allow":["GET"]}}],"collection":[{"href":"https:\/\/zonaroja.com.mx\/index.php?rest_route=\/wp\/v2\/posts"}],"about":[{"href":"https:\/\/zonaroja.com.mx\/index.php?rest_route=\/wp\/v2\/types\/post"}],"author":[{"embeddable":true,"href":"https:\/\/zonaroja.com.mx\/index.php?rest_route=\/wp\/v2\/users\/2"}],"replies":[{"embeddable":true,"href":"https:\/\/zonaroja.com.mx\/index.php?rest_route=%2Fwp%2Fv2%2Fcomments&post=51629"}],"version-history":[{"count":2,"href":"https:\/\/zonaroja.com.mx\/index.php?rest_route=\/wp\/v2\/posts\/51629\/revisions"}],"predecessor-version":[{"id":51632,"href":"https:\/\/zonaroja.com.mx\/index.php?rest_route=\/wp\/v2\/posts\/51629\/revisions\/51632"}],"wp:featuredmedia":[{"embeddable":true,"href":"https:\/\/zonaroja.com.mx\/index.php?rest_route=\/wp\/v2\/media\/51630"}],"wp:attachment":[{"href":"https:\/\/zonaroja.com.mx\/index.php?rest_route=%2Fwp%2Fv2%2Fmedia&parent=51629"}],"wp:term":[{"taxonomy":"category","embeddable":true,"href":"https:\/\/zonaroja.com.mx\/index.php?rest_route=%2Fwp%2Fv2%2Fcategories&post=51629"},{"taxonomy":"post_tag","embeddable":true,"href":"https:\/\/zonaroja.com.mx\/index.php?rest_route=%2Fwp%2Fv2%2Ftags&post=51629"}],"curies":[{"name":"wp","href":"https:\/\/api.w.org\/{rel}","templated":true}]}}