{"id":51633,"date":"2023-02-14T13:21:00","date_gmt":"2023-02-14T19:21:00","guid":{"rendered":"http:\/\/www.zonaroja.com.mx\/?p=51633"},"modified":"2023-02-13T22:22:04","modified_gmt":"2023-02-14T04:22:04","slug":"opinion-el-derecho-a-dormir","status":"publish","type":"post","link":"https:\/\/zonaroja.com.mx\/?p=51633","title":{"rendered":"Opini\u00f3n. El derecho a dormir"},"content":{"rendered":"\n<p>N\u00e9stor Y. S\u00e1nchez Islas.<\/p>\n\n\n\n<p>Dormir es una actividad biol\u00f3gica natural a la que dedicaremos la tercera parte de nuestra vida. No confundir descanso, y el derecho a descansar con el derecho a dormir. Descansar no necesariamente es dormir. Y dejemos de lado en esta ocasi\u00f3n los problemas para conciliar el sue\u00f1o y que son abordados desde el punto de vista m\u00e9dico.<\/p>\n\n\n\n<p>El derecho a dormir, en esta ocasi\u00f3n, es el derecho a vivir sin ruido, por lo menos por las noches. No solo es nuestra ciudad, es un fen\u00f3meno mundial el aumento de contaminaci\u00f3n ac\u00fastica y luminosa, ambos contaminantes regulados por leyes y reglamentos, pero ignorados, por un lado, por las autoridades municipales y estatales y, por el otro, por los generadores de ruido a quienes no importa nadie m\u00e1s que ellos mismos y su diversi\u00f3n.<\/p>\n\n\n\n<p>En una superficial b\u00fasqueda en internet apareci\u00f3 una ley estatal publicada en julio de 1968 y decretada por el gobernador Rodolfo Brena Torres llamada \u201cLey de protecci\u00f3n contra el ruido en el estado de Oaxaca\u201d.&nbsp;<\/p>\n\n\n\n<p>Este documento oficial evidencia que el problema del ruido no es nada nuevo y aumenta cada d\u00eda. Se declar\u00f3 \u201cde utilidad p\u00fablica la conservaci\u00f3n de la tranquilidad de los habitantes de Oaxaca a trav\u00e9s de la aplicaci\u00f3n de esa ley\u201d, que reglament\u00f3 ruidos y sonidos producidos por la actividad humana. La aplicaci\u00f3n de dicha ley qued\u00f3 en manos de la polic\u00eda en la ciudad capital, y por los municipios en el interior del estado.<\/p>\n\n\n\n<p>Prohibi\u00f3 aquella ley los escapes abiertos de autos y camiones, \u201cclaxons\u201d, bocinas y sirenas, altavoces para difundir actividades religiosas fuera de los templos, los altavoces de propaganda comercial como los de los tamales, el pan o el fierro viejo, por ejemplo, los altavoces en las ferias y cotompintos, restringi\u00f3 el uso de cohetes y artificios de p\u00f3lvora a un horario de las 6 las 22 horas, as\u00ed como las calendas.<\/p>\n\n\n\n<p>Serenatas y ma\u00f1anitas escandalosas, sinfonolas, rocolas e instrumentos musicales, salones de fiesta, discotecas, caf\u00e9s, casinos y edificios en donde se celebren bailes p\u00fablicos deber\u00e1n aislar sus locales a fin de que el ruido no trascienda al exterior.<\/p>\n\n\n\n<p>Como sanci\u00f3n establec\u00eda multas de $25 a $100 y las reincidencias con el doble del monto a pagar y se deber\u00eda llevar un registro de infractores para calificar la reincidencia y la contumacia.<\/p>\n\n\n\n<p>En enero de 1978, Jes\u00fas Mart\u00ednez \u00c1lvarez, public\u00f3 un reglamento que norm\u00f3 el funcionamiento de aparatos de sonido en la capital del estado. Por lo pronto, se deber\u00eda pedir permiso y pagar los impuestos respectivos para instalar las ruidosas bocinas, con restricciones respecto a la cercan\u00eda de escuelas, bibliotecas, hospitales o sanatorios. El horario permitido era de las 11 a las 23 horas, pero para los cabar\u00e9s de las 19 a las 24 horas. El perifoneo, los veh\u00edculos que circulan con altoparlantes quedaron prohibidos. Las multas eran de $100 a $200 y los encargados de hacer valer el reglamento eran los inspectores municipales.<\/p>\n\n\n\n<p>La b\u00fasqueda arroj\u00f3 otro resultado. En agosto de 2020 el Congreso local public\u00f3 un exhorto al titular de la Secretar\u00eda del Medio Ambiente, Energ\u00edas y Desarrollo Sustentable para verificar que las fuentes de ruido se sometan a la Norma Oficial Mexicana 081-Semarnat-1994, que se haga un campa\u00f1a de descontaminaci\u00f3n ac\u00fastica y se invite a los gobiernos municipales a reglamentar la contaminaci\u00f3n ac\u00fastica en sus comunidades.<\/p>\n\n\n\n<p>El problema del ruido no es nuevo, pero se ha agudizado. Cada vez hay m\u00e1s fuentes de ruido, desde calendas para bodas o graduaciones, bares, cantinas, mezcaler\u00edas, terrazas comerciales y salones de fiesta en medio de zonas habitacionales. Y, a pesar de haber leyes y reglamentos vivimos en la indefensi\u00f3n porque no hay autoridad que quiera hacer valer su autoridad.<\/p>\n\n\n\n<p>Al paso que vamos con la gentrificaci\u00f3n de la ciudad y la necesidad de atender la vida nocturna de los turistas convertir\u00e1n la necesidad biol\u00f3gica dormir en un aut\u00e9ntico privilegio. El exceso de ruido y luces es un atentado contra nuestra propia biolog\u00eda.<\/p>\n\n\n\n<p>Dormir es un acto natural e indispensable para el sostenimiento de la vida. No hay forma de vivir sin dormir. Impedir el sue\u00f1o es un acto de tortura debidamente documentado a lo largo y ancho del mundo.<\/p>\n\n\n\n<p>No es una utop\u00eda pensar que se deber\u00eda declarar el acto de dormir como un derecho para que \u00e9ste sea tutelado por el Estado para hacerlo respetar. Dormir es tan necesario y natural como comer, tomar agua o ir al ba\u00f1o.<\/p>\n\n\n\n<p>No hay justificaci\u00f3n para que las autoridades responsables no act\u00faen contra calendas y mayordom\u00edas que lanzan cuetes para celebrar a sus santos patrones desde una semana antes, durante toda la noche y una semana despu\u00e9s.<\/p>\n\n\n\n<p>No hay excusa para no obligar a los due\u00f1os de los c\u00e9ntricos salones de fiestas, terrazas comerciales para invertir en lo necesario para mitigar los da\u00f1os que provocan. No se debe excusar al vecino ruidoso que nunca falta y que, pretextando estar dentro de su casa, provoca molestias que trascienden su propiedad.<\/p>\n","protected":false},"excerpt":{"rendered":"<p>N\u00e9stor Y. S\u00e1nchez Islas. Dormir es una actividad biol\u00f3gica natural a la que dedicaremos la&hellip;<\/p>\n","protected":false},"author":2,"featured_media":41861,"comment_status":"closed","ping_status":"open","sticky":false,"template":"","format":"standard","meta":{"_lmt_disableupdate":"","_lmt_disable":"","_jetpack_memberships_contains_paid_content":false,"footnotes":""},"categories":[456,109],"tags":[3050],"class_list":["post-51633","post","type-post","status-publish","format-standard","has-post-thumbnail","hentry","category-columna","category-minuto-a-minuto","tag-nestor-yuri-sanchez"],"jetpack_featured_media_url":"https:\/\/zonaroja.com.mx\/wp-content\/uploads\/2022\/05\/Opinion-Nestor-Yuri-Sanchez-Islas.jpg","jetpack_sharing_enabled":true,"_links":{"self":[{"href":"https:\/\/zonaroja.com.mx\/index.php?rest_route=\/wp\/v2\/posts\/51633","targetHints":{"allow":["GET"]}}],"collection":[{"href":"https:\/\/zonaroja.com.mx\/index.php?rest_route=\/wp\/v2\/posts"}],"about":[{"href":"https:\/\/zonaroja.com.mx\/index.php?rest_route=\/wp\/v2\/types\/post"}],"author":[{"embeddable":true,"href":"https:\/\/zonaroja.com.mx\/index.php?rest_route=\/wp\/v2\/users\/2"}],"replies":[{"embeddable":true,"href":"https:\/\/zonaroja.com.mx\/index.php?rest_route=%2Fwp%2Fv2%2Fcomments&post=51633"}],"version-history":[{"count":1,"href":"https:\/\/zonaroja.com.mx\/index.php?rest_route=\/wp\/v2\/posts\/51633\/revisions"}],"predecessor-version":[{"id":51634,"href":"https:\/\/zonaroja.com.mx\/index.php?rest_route=\/wp\/v2\/posts\/51633\/revisions\/51634"}],"wp:featuredmedia":[{"embeddable":true,"href":"https:\/\/zonaroja.com.mx\/index.php?rest_route=\/wp\/v2\/media\/41861"}],"wp:attachment":[{"href":"https:\/\/zonaroja.com.mx\/index.php?rest_route=%2Fwp%2Fv2%2Fmedia&parent=51633"}],"wp:term":[{"taxonomy":"category","embeddable":true,"href":"https:\/\/zonaroja.com.mx\/index.php?rest_route=%2Fwp%2Fv2%2Fcategories&post=51633"},{"taxonomy":"post_tag","embeddable":true,"href":"https:\/\/zonaroja.com.mx\/index.php?rest_route=%2Fwp%2Fv2%2Ftags&post=51633"}],"curies":[{"name":"wp","href":"https:\/\/api.w.org\/{rel}","templated":true}]}}