{"id":51639,"date":"2023-02-15T11:27:00","date_gmt":"2023-02-15T17:27:00","guid":{"rendered":"http:\/\/www.zonaroja.com.mx\/?p=51639"},"modified":"2023-02-14T22:13:56","modified_gmt":"2023-02-15T04:13:56","slug":"preven-arrecie-la-violencia-politica-por-comicios-de-este-ano-en-mexico","status":"publish","type":"post","link":"https:\/\/zonaroja.com.mx\/?p=51639","title":{"rendered":"Prev\u00e9n arrecie la violencia pol\u00edtica por comicios de este a\u00f1o en M\u00e9xico"},"content":{"rendered":"\n<p>Redacci\u00f3n\/Zona Roja Cdmx.<\/p>\n\n\n\n<p>Ciudad de M\u00e9xico, a 15 de febrero de 2023.- Las elecciones del pr\u00f3ximo junio son vistas como una antesala de lo que podr\u00eda venir para el proceso 2024 en diversos rubros, incluida la violencia contra pol\u00edticos.<\/p>\n\n\n\n<p>La alternancia pol\u00edtica en el Estado de M\u00e9xico podr\u00eda generar conflictos entre militantes rivales, ya que existe la amenaza de que ciertos grupos pol\u00edticos fijos pierdan los beneficios que, por d\u00e9cadas, les ha brindado el uso irregular de recursos p\u00fablicos, consideraron especialistas en la materia.<\/p>\n\n\n\n<p>El Estado de M\u00e9xico renovar\u00e1 el domingo 4 de junio su gubernatura, por la que compiten Juan Zepeda, por Movimiento Ciudadano (MC); Alejandra del Moral, de la coalici\u00f3n PAN, PRI y PRD y Delfina G\u00f3mez, de Morena, PT y PVEM.<\/p>\n\n\n\n<p>En d\u00edas pasados, la Secretar\u00eda de Seguridad P\u00fablica del Estado de M\u00e9xico dio a conocer que por inseguridad y violencia, 33 municipios del Edomex son considerados de riesgo de cara a las elecciones, de los cuales 17, son catalogados como de riesgo alto ante la incidencia delictiva municipal, la existencia de conflictos interpartidistas; la presencia de grupos de choque y antecedentes de conflictos pol\u00edtico-electorales.<\/p>\n\n\n\n<p>Rub\u00e9n Salazar, director de la consultora de riesgos y violencia pol\u00edtica Etellekt destac\u00f3 que, aunque el indicador de agresiones contra pol\u00edticos del Edomex ha transcurrido sin hechos de violencia significativos, existe el riesgo de que se presenten enfrentamientos, incluso armados, entre grupos de militantes de partidos rivales durante el proceso electoral. Sobre todo, en regiones de la denominada zona de tierra caliente.<\/p>\n\n\n\n<p>\u00c1NIMOS EXTREMOS<\/p>\n\n\n\n<p>El experto advirti\u00f3 que, con la posibilidad de la alternancia pol\u00edtica en el Edomex, los \u00e1nimos entre los militantes pueden ser extremos.<\/p>\n\n\n\n<p>\u201cLa elecci\u00f3n implica la posibilidad de que el PRI pierda una entidad donde no ha habido alternancia, y donde muchos grupos viven del erario p\u00fablico o de los apoyos que emanan del gobierno central, los que puedan perder, quedando desplazados pol\u00edticamente y del presupuesto.<\/p>\n\n\n\n<p>\u201cEsto caldea los \u00e1nimos en todas las regiones, pero donde m\u00e1s se pueden explotar, incluso a trav\u00e9s de enfrentamientos armados, es en la regi\u00f3n sure\u00f1a del Edomex, entre militantes de los partidos que se ven en desventaja ante la desesperaci\u00f3n que implica perder un poder y el control de los recursos\u201d, subray\u00f3 el experto.<\/p>\n\n\n\n<p>Si bien hay poca probabilidad de agresiones contra candidatos, el analista a\u00f1adi\u00f3 que s\u00ed podr\u00eda haber violencia contra operadores pol\u00edticos de los distintos partidos que est\u00e1n compitiendo, ya que son los encargados de dirigir la maquinaria electoral y en procesos pasados no han quedado libres de estas agresiones lo cual, lament\u00f3, no se investiga.<\/p>\n\n\n\n<p>CRIMEN ORGANIZADO<\/p>\n\n\n\n<p>German P\u00e9rez Fern\u00e1ndez del Castillo, acad\u00e9mico y coordinador del seminario de estudios pol\u00edticos y electorales de la UNAM, se\u00f1al\u00f3 que el proceso electoral del Edomex, como en cualquier otro, la influencia del crimen organizado podr\u00eda estar presente y llegar a ser obvia.<\/p>\n\n\n\n<p>Sin embargo, lament\u00f3 que las amenazas contra pol\u00edticos pueden hacer que no se denuncien las agresiones.<\/p>\n\n\n\n<p>Por ello, consider\u00f3 que uno de los problemas m\u00e1s importantes a resolver, en materia de violencia en elecciones, es la posible intervenci\u00f3n de la delincuencia, pues puede ser realmente definitoria para el rumbo de un estado o incluso el pa\u00eds.<\/p>\n\n\n\n<p>Asimismo, el polit\u00f3logo subray\u00f3 los riesgos que genera una posible alternancia en el Edomex, sobre todo al presentarse en la entidad lo que parecieran dos elecciones; una a nivel federal y otra a estatal.<\/p>\n\n\n\n<p>\u201cHay intereses econ\u00f3micos de grupos ajenos a los pol\u00edticos. En el Edomex hay una proclividad hacia Morena (\u2026) Tenemos una intervenci\u00f3n tanto de funcionarios p\u00fablicos como de militantes de partidos disfrazados de funcionarios.<\/p>\n\n\n\n<p>\u201cY tambi\u00e9n, en el Estado de M\u00e9xico, el PRI jugar\u00e1 su papel, y no sabemos todav\u00eda la reacci\u00f3n del electorado frente a estas acciones\u201d, concluy\u00f3.<\/p>\n\n\n\n<p>FRACTURA EN COAHUILA<\/p>\n\n\n\n<p>Coahuila se alista para llevar a cabo lo que ser\u00e1 su elecci\u00f3n m\u00e1s competitiva en los \u00faltimos a\u00f1os, y aunque se estima que la violencia f\u00edsica o armada no ser\u00e1 tan marcada en este proceso electoral, es de esperarse una serie de acciones de tipo campa\u00f1a negra, se\u00f1alaron expertos.<\/p>\n\n\n\n<p>El pr\u00f3ximo 4 de junio, la entidad renovar\u00e1 su gubernatura as\u00ed como 25 diputaciones locales, con Ricardo Mej\u00eda Berdeja (PT), Manolo Jim\u00e9nez Salinas, de la alianza Va por M\u00e9xico (PRI, PAN y PRD), y Armando Guadiana Tijerina, de Morena, como los principales candidatos al gobierno local.<\/p>\n\n\n\n<p>Esta elecci\u00f3n se ve enmarcada por la fractura entre los partidos PT y Morena, luego de que Mej\u00eda Berdeja se quej\u00f3 por no ser electo como el candidato de Morena, tras lo cual decidi\u00f3 ser el abanderado del Partido del Trabajo.<\/p>\n\n\n\n<p>\u201cEn Coahuila, al no haber elecciones municipales la violencia es menor y es muy poco probable que haya eventos de violencia, sobre todo f\u00edsica o agresiones que atenten contra la integridad de los candidatos, pero s\u00ed es probable que ocurra una serie de actos de violencia como intervenci\u00f3n de comunicaciones contra candidatos, actos de espionaje o violencia contra operadores\u201d, sostuvo Rub\u00e9n Salazar, director de la consultora Etellekt.<\/p>\n\n\n\n<p>El experto en an\u00e1lisis de riesgos electorales destac\u00f3 que, al hablar de violencia pol\u00edtica en Coahuila, se puede se\u00f1alar que ser\u00e1 un proceso electoral donde la pol\u00edtica se vivir\u00e1 de manera \u00e1spera, principalmente por la elecci\u00f3n de Mej\u00eda Berdeja y las fricciones que gener\u00f3 su candidatura.<\/p>\n\n\n\n<p>(Informaci\u00f3n de \u201cEl Economista\u201d)<\/p>\n","protected":false},"excerpt":{"rendered":"<p>Redacci\u00f3n\/Zona Roja Cdmx. Ciudad de M\u00e9xico, a 15 de febrero de 2023.- Las elecciones del&hellip;<\/p>\n","protected":false},"author":2,"featured_media":27827,"comment_status":"closed","ping_status":"open","sticky":false,"template":"","format":"standard","meta":{"_lmt_disableupdate":"","_lmt_disable":"","_jetpack_memberships_contains_paid_content":false,"footnotes":""},"categories":[109,47],"tags":[],"class_list":["post-51639","post","type-post","status-publish","format-standard","has-post-thumbnail","hentry","category-minuto-a-minuto","category-zona-gris"],"jetpack_featured_media_url":"https:\/\/zonaroja.com.mx\/wp-content\/uploads\/2021\/05\/Elecciones-Mexico-1.jpg","jetpack_sharing_enabled":true,"_links":{"self":[{"href":"https:\/\/zonaroja.com.mx\/index.php?rest_route=\/wp\/v2\/posts\/51639","targetHints":{"allow":["GET"]}}],"collection":[{"href":"https:\/\/zonaroja.com.mx\/index.php?rest_route=\/wp\/v2\/posts"}],"about":[{"href":"https:\/\/zonaroja.com.mx\/index.php?rest_route=\/wp\/v2\/types\/post"}],"author":[{"embeddable":true,"href":"https:\/\/zonaroja.com.mx\/index.php?rest_route=\/wp\/v2\/users\/2"}],"replies":[{"embeddable":true,"href":"https:\/\/zonaroja.com.mx\/index.php?rest_route=%2Fwp%2Fv2%2Fcomments&post=51639"}],"version-history":[{"count":2,"href":"https:\/\/zonaroja.com.mx\/index.php?rest_route=\/wp\/v2\/posts\/51639\/revisions"}],"predecessor-version":[{"id":51672,"href":"https:\/\/zonaroja.com.mx\/index.php?rest_route=\/wp\/v2\/posts\/51639\/revisions\/51672"}],"wp:featuredmedia":[{"embeddable":true,"href":"https:\/\/zonaroja.com.mx\/index.php?rest_route=\/wp\/v2\/media\/27827"}],"wp:attachment":[{"href":"https:\/\/zonaroja.com.mx\/index.php?rest_route=%2Fwp%2Fv2%2Fmedia&parent=51639"}],"wp:term":[{"taxonomy":"category","embeddable":true,"href":"https:\/\/zonaroja.com.mx\/index.php?rest_route=%2Fwp%2Fv2%2Fcategories&post=51639"},{"taxonomy":"post_tag","embeddable":true,"href":"https:\/\/zonaroja.com.mx\/index.php?rest_route=%2Fwp%2Fv2%2Ftags&post=51639"}],"curies":[{"name":"wp","href":"https:\/\/api.w.org\/{rel}","templated":true}]}}