{"id":5164,"date":"2019-10-26T21:42:28","date_gmt":"2019-10-27T02:42:28","guid":{"rendered":"http:\/\/www.zonaroja.com.mx\/?p=5164"},"modified":"2019-10-26T21:48:04","modified_gmt":"2019-10-27T02:48:04","slug":"identifican-a-los-ejecutados-este-sabado-ubisort-exige-justicia-por-su-militante","status":"publish","type":"post","link":"https:\/\/zonaroja.com.mx\/?p=5164","title":{"rendered":"Identifican a los ejecutados este s\u00e1bado; Ubisort exige justicia por su militante"},"content":{"rendered":"\n<p>Ismael Garc\u00eda M.<\/p>\n\n\n\n<p>Oaxaca de Ju\u00e1rez, Oax., 26 de octubre de\n2019.- Las cuatro personas asesinadas este s\u00e1bado, dos de ellas en Santa Cruz\nXoxocotl\u00e1n, una en San Juan Bautista Tuxtepec y una en Santiago Juxtlahuaca,\nfueron identificadas legalmente.<\/p>\n\n\n\n<p>En este \u00faltimo municipio, la v\u00edctima\nrespond\u00eda al nombre de Ra\u00fal Mart\u00ednez Aguilar, es ex agente municipal de La Cumbre\nYerbasanta y militante de la organizaci\u00f3n Unidad de Bienestar Social de la\nRegi\u00f3n Triqui (Ubisort).<\/p>\n\n\n\n<p>\u201cCon este homicidio pol\u00edtico, a todas\nluces pretenden desencadenar la violencia y la inseguridad; las mentes\ncriminales que provocaron esta agresi\u00f3n a la Ubisort, pretenden provocar un\nba\u00f1o de sangre entre hermanos de etnia triqui\u201d, dijo la agrupaci\u00f3n en un\ncomunicado<\/p>\n\n\n\n<p>Demand\u00f3 a la Fiscal\u00eda General del Estado\nla inmediata investigaci\u00f3n del crimen y se castigue a el o los responsables, \u201ccaiga\nquien caiga; no vamos a permitir m\u00e1s evasivas.<\/p>\n\n\n\n<p>\u201cEl Estado han hecho caso omiso, la Secretar\u00eda General de Gobierno se han portado indiferentes y Fiscal\u00eda General ha puesto o\u00eddos sordos a nuestros reclamos de justicia\u201d, se\u00f1al\u00f3.<\/p>\n\n\n\n<p>\u201cLa Ubisort est\u00e1 de luto; se declara en\nalerta m\u00e1xima y hace el llamado a su militancia a no caer en provocaciones de\nmentes enfermas que pretenden desestabilizar la regi\u00f3n triqui con fines\npol\u00edticos, nos declaramos en asamblea comunitaria permanente para tomar\nacuerdos y exigir justicia\u201d, expuso.<\/p>\n\n\n\n<p>EN XOXOCOTL\u00c1N<\/p>\n\n\n\n<p>En el caso de los dos asesinados en\nsitios distintos de Santa Cruz Xoxocotl\u00e1n, de acuerdo con fichas informativas\ndifundidas por la Secretar\u00eda de Seguridad P\u00fablica de Oaxaca, uno de ellos se\ntrata de Ra\u00fal Adri\u00e1n Bartolano Contreras, alias \u201cEl Tano\u201d, quien fung\u00eda como\ndelegado de la Confederaci\u00f3n Aut\u00f3noma de Trabajadores y Empleados de M\u00e9xico\n(CATEM).<\/p>\n\n\n\n<p>\u00c9ste falleci\u00f3 en la cl\u00ednica \u201cSanta Anita\u201d\nde Xoxocotl\u00e1n cuando recib\u00eda atenci\u00f3n m\u00e9dica; la otra v\u00edctima a\u00fan no ha sido\nidentificada.<\/p>\n\n\n\n<p>Mientras que en San Juan Bautista\nTuxtepec, el hombre que muri\u00f3 a causa de disparos de arma de fuego, no con arma\nblanca como se inform\u00f3 de manera preliminar, respondi\u00f3 al nombre de Pablo G\u00f3mez\nGarc\u00eda, de 25 a\u00f1os de edad, y era repartidor de mercanc\u00eda en motocicleta; fue\nultimado afuera de la terminal de autobuses ADO.<\/p>\n","protected":false},"excerpt":{"rendered":"<p>Ismael Garc\u00eda M. Oaxaca de Ju\u00e1rez, Oax., 26 de octubre de 2019.- Las cuatro personas&hellip;<\/p>\n","protected":false},"author":2,"featured_media":5165,"comment_status":"closed","ping_status":"open","sticky":false,"template":"","format":"standard","meta":{"_lmt_disableupdate":"","_lmt_disable":"","_jetpack_memberships_contains_paid_content":false,"footnotes":""},"categories":[109,51],"tags":[922],"class_list":["post-5164","post","type-post","status-publish","format-standard","has-post-thumbnail","hentry","category-minuto-a-minuto","category-zona-roja","tag-unidad-de-bienestar-social-de-la-region-triqui"],"jetpack_featured_media_url":"https:\/\/zonaroja.com.mx\/wp-content\/uploads\/2019\/10\/Ubisort.jpg","jetpack_sharing_enabled":true,"_links":{"self":[{"href":"https:\/\/zonaroja.com.mx\/index.php?rest_route=\/wp\/v2\/posts\/5164","targetHints":{"allow":["GET"]}}],"collection":[{"href":"https:\/\/zonaroja.com.mx\/index.php?rest_route=\/wp\/v2\/posts"}],"about":[{"href":"https:\/\/zonaroja.com.mx\/index.php?rest_route=\/wp\/v2\/types\/post"}],"author":[{"embeddable":true,"href":"https:\/\/zonaroja.com.mx\/index.php?rest_route=\/wp\/v2\/users\/2"}],"replies":[{"embeddable":true,"href":"https:\/\/zonaroja.com.mx\/index.php?rest_route=%2Fwp%2Fv2%2Fcomments&post=5164"}],"version-history":[{"count":2,"href":"https:\/\/zonaroja.com.mx\/index.php?rest_route=\/wp\/v2\/posts\/5164\/revisions"}],"predecessor-version":[{"id":5167,"href":"https:\/\/zonaroja.com.mx\/index.php?rest_route=\/wp\/v2\/posts\/5164\/revisions\/5167"}],"wp:featuredmedia":[{"embeddable":true,"href":"https:\/\/zonaroja.com.mx\/index.php?rest_route=\/wp\/v2\/media\/5165"}],"wp:attachment":[{"href":"https:\/\/zonaroja.com.mx\/index.php?rest_route=%2Fwp%2Fv2%2Fmedia&parent=5164"}],"wp:term":[{"taxonomy":"category","embeddable":true,"href":"https:\/\/zonaroja.com.mx\/index.php?rest_route=%2Fwp%2Fv2%2Fcategories&post=5164"},{"taxonomy":"post_tag","embeddable":true,"href":"https:\/\/zonaroja.com.mx\/index.php?rest_route=%2Fwp%2Fv2%2Ftags&post=5164"}],"curies":[{"name":"wp","href":"https:\/\/api.w.org\/{rel}","templated":true}]}}