{"id":51641,"date":"2023-02-14T06:50:57","date_gmt":"2023-02-14T12:50:57","guid":{"rendered":"http:\/\/www.zonaroja.com.mx\/?p=51641"},"modified":"2023-02-14T06:50:59","modified_gmt":"2023-02-14T12:50:59","slug":"refuerzan-seguridad-en-xoxocotlan-lamenta-edil-muerte-de-policia","status":"publish","type":"post","link":"https:\/\/zonaroja.com.mx\/?p=51641","title":{"rendered":"Refuerzan seguridad en Xoxocotl\u00e1n; lamenta edil muerte de polic\u00eda"},"content":{"rendered":"\n<p>Redacci\u00f3n\/Zona Roja.<\/p>\n\n\n\n<p>Oaxaca de Ju\u00e1rez, Oax., a 14 de febrero de 2023.- Tras los recientes hechos violentos, la autoridad municipal de Santa Cruz Xoxocotl\u00e1n reforz\u00f3 los esquemas de seguridad, en coordinaci\u00f3n con los gobiernos federal y estatal.<\/p>\n\n\n\n<p>En tanto, el presidente municipal Inocente Castellanos Alejos lament\u00f3 la muerte de un polic\u00eda y las lesiones a otro elemento, por la agresi\u00f3n ocurrida anoche en la colonia Miner\u00eda.<\/p>\n\n\n\n<p>Asimismo, instruy\u00f3 al Comisionado de Seguridad P\u00fablica Municipal, Ra\u00fal Guill\u00e9n, el despliegue de las fuerza de seguridad, para dar con los agresores de dos elementos de la corporaci\u00f3n.<\/p>\n\n\n\n<p>Anoche, los uniformados se encontraban en la persecuci\u00f3n de dos presuntos delincuentes, quienes les agredieron con armas de fuego.<\/p>\n\n\n\n<p>Al repeler la agresi\u00f3n, el polic\u00eda Roberto Ignacio H. perdi\u00f3 la vida, mientras que su compa\u00f1ero Pedro L.R. result\u00f3 herido y fue trasladado a recibir atenci\u00f3n m\u00e9dica de manera inmediata.<\/p>\n\n\n\n<p>\u201cCondeno los hechos en los que perdiera la vida uno de los elementos de la Polic\u00eda Municipal, y fuera lesionado un compa\u00f1ero m\u00e1s en la colonia Miner\u00eda. He instruido al Comisionado de Seguridad P\u00fablica, el despliegue de la fuerza de seguridad para dar con los responsable\u201d, &nbsp;inform\u00f3 el presidente municipal.<\/p>\n\n\n\n<p>Adem\u00e1s, inform\u00f3 que en el despliegue de los cuerpos de seguridad se encuentran elementos de la Polic\u00eda Estatal, la Guardia Nacional y la Sedena; al mismo tiempo que envi\u00f3 sus condolencias y apoyo a los familiares del uniformado fallecido y del elemento herido.&nbsp;<\/p>\n\n\n\n<p>Castellanos Alejos reiter\u00f3 que de ninguna manera su gobierno bajar\u00e1 la guardia en el combate a la delincuencia, pues su compromiso es y seguir\u00e1 siendo con la seguridad de las familias xoxe\u00f1as, adem\u00e1s que solicit\u00f3 a la Fiscal\u00eda General de Justicia del Estado de Oaxaca, iniciar con las investigaciones correspondientes para dar con los responsables a la brevedad.<\/p>\n","protected":false},"excerpt":{"rendered":"<p>Redacci\u00f3n\/Zona Roja. Oaxaca de Ju\u00e1rez, Oax., a 14 de febrero de 2023.- Tras los recientes&hellip;<\/p>\n","protected":false},"author":2,"featured_media":51642,"comment_status":"closed","ping_status":"open","sticky":false,"template":"","format":"standard","meta":{"_lmt_disableupdate":"","_lmt_disable":"","_jetpack_memberships_contains_paid_content":false,"footnotes":""},"categories":[109,46],"tags":[3066,133],"class_list":["post-51641","post","type-post","status-publish","format-standard","has-post-thumbnail","hentry","category-minuto-a-minuto","category-zona-blanca","tag-inocente-castellanos-alejos","tag-santa-cruz-xoxocotlan"],"jetpack_featured_media_url":"https:\/\/zonaroja.com.mx\/wp-content\/uploads\/2023\/02\/Operativos-policias-Xoxocotlan.jpeg","jetpack_sharing_enabled":true,"_links":{"self":[{"href":"https:\/\/zonaroja.com.mx\/index.php?rest_route=\/wp\/v2\/posts\/51641","targetHints":{"allow":["GET"]}}],"collection":[{"href":"https:\/\/zonaroja.com.mx\/index.php?rest_route=\/wp\/v2\/posts"}],"about":[{"href":"https:\/\/zonaroja.com.mx\/index.php?rest_route=\/wp\/v2\/types\/post"}],"author":[{"embeddable":true,"href":"https:\/\/zonaroja.com.mx\/index.php?rest_route=\/wp\/v2\/users\/2"}],"replies":[{"embeddable":true,"href":"https:\/\/zonaroja.com.mx\/index.php?rest_route=%2Fwp%2Fv2%2Fcomments&post=51641"}],"version-history":[{"count":1,"href":"https:\/\/zonaroja.com.mx\/index.php?rest_route=\/wp\/v2\/posts\/51641\/revisions"}],"predecessor-version":[{"id":51643,"href":"https:\/\/zonaroja.com.mx\/index.php?rest_route=\/wp\/v2\/posts\/51641\/revisions\/51643"}],"wp:featuredmedia":[{"embeddable":true,"href":"https:\/\/zonaroja.com.mx\/index.php?rest_route=\/wp\/v2\/media\/51642"}],"wp:attachment":[{"href":"https:\/\/zonaroja.com.mx\/index.php?rest_route=%2Fwp%2Fv2%2Fmedia&parent=51641"}],"wp:term":[{"taxonomy":"category","embeddable":true,"href":"https:\/\/zonaroja.com.mx\/index.php?rest_route=%2Fwp%2Fv2%2Fcategories&post=51641"},{"taxonomy":"post_tag","embeddable":true,"href":"https:\/\/zonaroja.com.mx\/index.php?rest_route=%2Fwp%2Fv2%2Ftags&post=51641"}],"curies":[{"name":"wp","href":"https:\/\/api.w.org\/{rel}","templated":true}]}}