{"id":51644,"date":"2023-02-14T08:30:00","date_gmt":"2023-02-14T14:30:00","guid":{"rendered":"http:\/\/www.zonaroja.com.mx\/?p=51644"},"modified":"2023-02-14T06:58:33","modified_gmt":"2023-02-14T12:58:33","slug":"exponen-en-congreso-de-oaxaca-fotografias-con-impresion-en-braille","status":"publish","type":"post","link":"https:\/\/zonaroja.com.mx\/?p=51644","title":{"rendered":"Exponen en Congreso de Oaxaca fotograf\u00edas con impresi\u00f3n en Braille"},"content":{"rendered":"\n<p>Redacci\u00f3n\/Zona Roja.<\/p>\n\n\n\n<p>Oaxaca de Ju\u00e1rez, Oax., 13 de febrero de 2023.- Fotograf\u00edas con impresi\u00f3n Braille as\u00ed como piezas de grabado y pintura en lienzo, integran la muestra pict\u00f3rica \u201cVisiones perif\u00e9ricas\u201d, la cual expone obras creadas por 19 artistas. Esta muestra fue inaugurada en la sede del Congreso del Estado de Oaxaca.\u00a0<\/p>\n\n\n\n<p>La exposici\u00f3n pl\u00e1stica, coordinada por la diputada Concepci\u00f3n Rueda G\u00f3mez, es \u00fanica ya que entre los artistas expositores se encuentra Pedro Miranda, un fot\u00f3grafo invidente que comparte sus lecciones de vida.<\/p>\n\n\n\n<p>El diputado Luis Alfonso Silva Romo, presidente de la Junta de Coordinaci\u00f3n Pol\u00edtica (Jucopo), destac\u00f3 esta iniciativa de la 65 Legislatura local para promover las artes con causa, y reiter\u00f3 que el Congreso siempre estar\u00e1 abierto para las y los artistas.&nbsp;<\/p>\n\n\n\n<p>\u201cEs muy enriquecedor ver la manera en la que el ser humano se expresa y se refleja a s\u00ed mismo en las diversas expresiones art\u00edsticas. Esta exposici\u00f3n es muy especial, tiene una visi\u00f3n m\u00e1s que interior\u201d, expres\u00f3.&nbsp;<\/p>\n\n\n\n<p>Pedro Miranda enfatiz\u00f3 que la exposici\u00f3n es una oportunidad para dar a conocer sus obras a m\u00e1s personas y as\u00ed contribuir a la educaci\u00f3n de la poblaci\u00f3n con discapacidad visual ya que estos trabajos est\u00e1n destinados a la compra de material did\u00e1ctico de este sector.<\/p>\n","protected":false},"excerpt":{"rendered":"<p>Redacci\u00f3n\/Zona Roja. Oaxaca de Ju\u00e1rez, Oax., 13 de febrero de 2023.- Fotograf\u00edas con impresi\u00f3n Braille&hellip;<\/p>\n","protected":false},"author":2,"featured_media":51645,"comment_status":"closed","ping_status":"open","sticky":false,"template":"","format":"standard","meta":{"_lmt_disableupdate":"","_lmt_disable":"","_jetpack_memberships_contains_paid_content":false,"footnotes":""},"categories":[109,46],"tags":[2743,2721],"class_list":["post-51644","post","type-post","status-publish","format-standard","has-post-thumbnail","hentry","category-minuto-a-minuto","category-zona-blanca","tag-65-legislatura-del-estado-de-oaxaca","tag-luis-alfonso-silva-romo"],"jetpack_featured_media_url":"https:\/\/zonaroja.com.mx\/wp-content\/uploads\/2023\/02\/FOTO1-Congreso-promueve-arte-con-causa-en-Oaxaca.jpg","jetpack_sharing_enabled":true,"_links":{"self":[{"href":"https:\/\/zonaroja.com.mx\/index.php?rest_route=\/wp\/v2\/posts\/51644","targetHints":{"allow":["GET"]}}],"collection":[{"href":"https:\/\/zonaroja.com.mx\/index.php?rest_route=\/wp\/v2\/posts"}],"about":[{"href":"https:\/\/zonaroja.com.mx\/index.php?rest_route=\/wp\/v2\/types\/post"}],"author":[{"embeddable":true,"href":"https:\/\/zonaroja.com.mx\/index.php?rest_route=\/wp\/v2\/users\/2"}],"replies":[{"embeddable":true,"href":"https:\/\/zonaroja.com.mx\/index.php?rest_route=%2Fwp%2Fv2%2Fcomments&post=51644"}],"version-history":[{"count":1,"href":"https:\/\/zonaroja.com.mx\/index.php?rest_route=\/wp\/v2\/posts\/51644\/revisions"}],"predecessor-version":[{"id":51646,"href":"https:\/\/zonaroja.com.mx\/index.php?rest_route=\/wp\/v2\/posts\/51644\/revisions\/51646"}],"wp:featuredmedia":[{"embeddable":true,"href":"https:\/\/zonaroja.com.mx\/index.php?rest_route=\/wp\/v2\/media\/51645"}],"wp:attachment":[{"href":"https:\/\/zonaroja.com.mx\/index.php?rest_route=%2Fwp%2Fv2%2Fmedia&parent=51644"}],"wp:term":[{"taxonomy":"category","embeddable":true,"href":"https:\/\/zonaroja.com.mx\/index.php?rest_route=%2Fwp%2Fv2%2Fcategories&post=51644"},{"taxonomy":"post_tag","embeddable":true,"href":"https:\/\/zonaroja.com.mx\/index.php?rest_route=%2Fwp%2Fv2%2Ftags&post=51644"}],"curies":[{"name":"wp","href":"https:\/\/api.w.org\/{rel}","templated":true}]}}