{"id":51647,"date":"2023-02-14T11:58:00","date_gmt":"2023-02-14T17:58:00","guid":{"rendered":"http:\/\/www.zonaroja.com.mx\/?p=51647"},"modified":"2023-02-14T07:16:00","modified_gmt":"2023-02-14T13:16:00","slug":"volvi-a-nacer-flor-de-maria-garcia-tercer-lugar-en-ultra-trail-de-100-km","status":"publish","type":"post","link":"https:\/\/zonaroja.com.mx\/?p=51647","title":{"rendered":"\u201cVolv\u00ed a nacer\u201d: Flor de Mar\u00eda Garc\u00eda, tercer lugar en Ultra Trail de 100 km"},"content":{"rendered":"\n<p>Redacci\u00f3n\/Territorio Score<\/p>\n\n\n\n<p>Oaxaca de Ju\u00e1rez, Oax., a 14 de febrero de 2023.- Correr superando las adversidades, ese ha sido la ruta de la deportista Flor de Mar\u00eda Garc\u00eda Peralta, quien tras recuperarse de un accidente que fren\u00f3 su preparaci\u00f3n como atleta, lleg\u00f3 al podio de los 100 kil\u00f3metros del Ultra Trail Oso Negro.<\/p>\n\n\n\n<p>Esa es la historia de tenacidad, esfuerzo y sacrificio que tuvo que recorrer la promesa del trail oaxaque\u00f1a, quien con recursos propios figur\u00f3 en una de las carreras m\u00e1s emblem\u00e1ticas de monta\u00f1a a nivel nacional que se realiza en Nuevo Le\u00f3n.<\/p>\n\n\n\n<p>Forjada en la adversidad, la Flor de Mar\u00eda Garc\u00eda Peralta tuvo que superar las consecuencias de un accidente que le evit\u00f3 participar en la distancia de los 100 kil\u00f3metros en el trail en la Sierra Mixe y trabajar para lograr debutar en esa distancia en una de las carreras m\u00e1s prestigiadas del calendario de competencias de monta\u00f1a.<\/p>\n\n\n\n<p>Con un tiempo de 24 horas y 59 minutos y 59 segundos, la oaxaque\u00f1a hizo su debut en los 100 kil\u00f3metros en la edici\u00f3n 2023 del Ultra Trail Oso Negro, la cual se disput\u00f3 a principios de este a\u00f1o en Villa de Santiago, Nuevo Le\u00f3n.<\/p>\n\n\n\n<p>Las l\u00e1grimas afloran en el rostro de la corredora &nbsp;cuando recuerda todos los momentos y sacrificios que tuvo que realizar para llegar a su debut en esta competencia y sin duda m\u00e1s all\u00e1 del podio, su mayor satisfacci\u00f3n en lo personal es \u201cpoder lograr sus sue\u00f1os\u201d.<\/p>\n\n\n\n<p>Flor de Mar\u00eda inici\u00f3 en la actividad atl\u00e9tica desde hace 3 a\u00f1os y tras un accidente que impidi\u00f3 su participaci\u00f3n en el Trail de la Sierra Mixe, la oaxaque\u00f1a logr\u00f3 su destacada participaci\u00f3n en una competencia avalada por la International Trail Running Association (ITRA).&nbsp;<\/p>\n\n\n\n<p>Sus inicios fueron como corredora recreativa fueron en las carreras nocturnas organizadas por el club Nitgh Runners, pero al paso del tiempo conoci\u00f3 las competencias en la monta\u00f1a y su curiosidad la llev\u00f3 a incursionar en esa modalidad.<\/p>\n\n\n\n<p>\u201cEmpec\u00e9 por curiosidad, pero el disfrutar del aire libre me llev\u00f3 a cambiar el asfalto por los ascensos en la monta\u00f1a\u201d, expresa.<\/p>\n\n\n\n<p>As\u00ed, sus primeros podios llevaron en Lachatao, con un cuarto lugar y en el trail de la Carro\u00f1era, donde obtuvo un cuarto lugar en la prueba de los 12 kil\u00f3metros.<\/p>\n\n\n\n<p>Poco a poco y siempre con un esp\u00edritu de superaci\u00f3n, Flor de Mar\u00eda Garc\u00eda Peralta incursion\u00f3 en carreras de m\u00e1s kilometraje para trazarse como objetivo de correr sus primeros 50 kil\u00f3metros.<\/p>\n\n\n\n<p>Sin embargo, la pandemia fren\u00f3 sus planes para seguir creciendo en el \u00e1mbito competitivo, pero ello no la detuvo sus entrenamientos como deportista.<\/p>\n\n\n\n<p>\u201cTen\u00edamos planeado otras carreras, viene la pandemia y entonces ocupo las noches para poder salir a entrenar y as\u00ed pasamos casi un a\u00f1o de intenso entrenamiento\u201d, recuerda la atleta.<\/p>\n\n\n\n<p>Con una mentalidad competitiva, Flor de Mar\u00eda Garc\u00eda Peralta volvi\u00f3 a las competencias en el 2021, donde se ubic\u00f3 en la octava posici\u00f3n en el Golden Trail de Cerro Rojo, en la que se ubic\u00f3 como la cuarta mejor oaxaque\u00f1a.<\/p>\n\n\n\n<p>\u201cFue una gran emoci\u00f3n, porque no sab\u00eda que en esa competencia hab\u00eda corredores tan experimentadas\u201d.<\/p>\n\n\n\n<p>\u201cLa verdad no cre\u00eda en el resultado, era una carrera t\u00e9cnica y de un alto grado de exigencia, pero el deseo de hacer las cosas me anim\u00f3 durante todo el recorrido\u201d.<\/p>\n\n\n\n<p>Fue ah\u00ed donde vino la transformaci\u00f3n de Flor de Mar\u00eda Garc\u00eda Peralta, quien a partir del trail de Chico Hidalgo fue considerada como una corredora de \u00e9lite, situaci\u00f3n que la llev\u00f3 a una mayor auto exigencia como atleta.<\/p>\n\n\n\n<p>\u201cEmpec\u00e9 a correr por salud, pero me llamaban la atenci\u00f3n las distancias largas, se que algo cambi\u00f3 en mi cuando en Hidalgo sal\u00ed en el bloque de corredoras de elite y de ah\u00ed plane\u00e9 con mi entrenador trabajar para correr la distancia de los 100 kil\u00f3metros.<\/p>\n\n\n\n<p>As\u00ed, bajo la supervisi\u00f3n del experimentado corredor de monta\u00f1as Mario Meneses comenz\u00f3 la planeaci\u00f3n para incursionar en esa distancia y una de las carreras planeadas fue el trail de la Sierra Mixe<\/p>\n\n\n\n<p>Su crecimiento no ha sido f\u00e1cil y a pesar de una participaci\u00f3n complicada en el Selectivo para el Mundial de Tral en Real de 14, en el cual tuvo que viajar 16 horas para concretar su participaci\u00f3n, ello no la detuvo en sus retos deportivos.<\/p>\n\n\n\n<p>\u201cEl camino no ha sido f\u00e1cil, hemos tenido que transformar las circunstancias en \u00e9xito y tomar las decisiones adecuadas y gracias a ello logramos un sexto lugar\u201d.<\/p>\n\n\n\n<p>El Ultra Trail Oso Negro es reconocida como una de las carreras de trail m\u00e1s t\u00e9cnicas de Mexico, \u00fanica en su tipo ya que representa un reto f\u00edsico y mental al internarse en la Sierra de Santiago.&nbsp;<\/p>\n\n\n\n<p>En su debut en la distancia de los 100 kil\u00f3metros, Flor de Mar\u00eda consigui\u00f3 ubicarse entre las primeras 3 mujeres de la categor\u00eda estelar.<\/p>\n\n\n\n<p>Y el proceso no fue f\u00e1cil, ya que originalmente la oaxaque\u00f1a debutar\u00eda en esa distancia en el Trail de la Sierra Mixe, participaci\u00f3n que fue truncada por un accidente.<\/p>\n\n\n\n<p>\u201cFaltaban 15 d\u00edas para los 100 kil\u00f3metros de los Mixes, mi ilusi\u00f3n era hacer esta distancia en Oaxaca y sufro un accidente en motocicleta que hace que no pueda ni siquiera pisar adem\u00e1s de sufrir otras lesiones\u201d.<\/p>\n\n\n\n<p>A pesar de ello, la atleta no desisti\u00f3 en su objetivo y gracias al trabajo de fisioterapia y a la asesor\u00eda de su entrenador Mario Meneses trazaron una nueva ruta y as\u00ed la preparaci\u00f3n se enfoc\u00f3 en el Ultra Trail Oso Negro del 2023.<\/p>\n\n\n\n<p>\u201cEl ciclismo ha sido fundamental en mis entrenamientos, mi bici no es de marca, es de esas con las que vas por las tortilla a la tienda, pero ella me ha acompa\u00f1ado durante dos a\u00f1os en mis entrenamientos\u201d.<\/p>\n\n\n\n<p>As\u00ed, Flor de Mar\u00eda agradeci\u00f3 el apoyo al club Mario Meneses quien siempre la ha apoyado en el proceso as\u00ed como a su amigo Gerardo Torrano y a su hija Leyla Colmenares.<\/p>\n\n\n\n<p>&nbsp;\u201cMe siento muy emocionada y satisfecha por el logro, enormemente agradecida con la monta\u00f1a que me puso en mi lugar de la mejor manera, con Dios y sobre todo con mi cuerpo y mente que no me abandonaron\u201d.<\/p>\n\n\n\n<p><\/p>\n","protected":false},"excerpt":{"rendered":"<p>Redacci\u00f3n\/Territorio Score Oaxaca de Ju\u00e1rez, Oax., a 14 de febrero de 2023.- Correr superando las&hellip;<\/p>\n","protected":false},"author":2,"featured_media":51649,"comment_status":"closed","ping_status":"open","sticky":false,"template":"","format":"standard","meta":{"_lmt_disableupdate":"","_lmt_disable":"","_jetpack_memberships_contains_paid_content":false,"footnotes":""},"categories":[109,46],"tags":[],"class_list":["post-51647","post","type-post","status-publish","format-standard","has-post-thumbnail","hentry","category-minuto-a-minuto","category-zona-blanca"],"jetpack_featured_media_url":"https:\/\/zonaroja.com.mx\/wp-content\/uploads\/2023\/02\/Flor-de-Maria-Ultra-Trail-Oaxaca.jpg","jetpack_sharing_enabled":true,"_links":{"self":[{"href":"https:\/\/zonaroja.com.mx\/index.php?rest_route=\/wp\/v2\/posts\/51647","targetHints":{"allow":["GET"]}}],"collection":[{"href":"https:\/\/zonaroja.com.mx\/index.php?rest_route=\/wp\/v2\/posts"}],"about":[{"href":"https:\/\/zonaroja.com.mx\/index.php?rest_route=\/wp\/v2\/types\/post"}],"author":[{"embeddable":true,"href":"https:\/\/zonaroja.com.mx\/index.php?rest_route=\/wp\/v2\/users\/2"}],"replies":[{"embeddable":true,"href":"https:\/\/zonaroja.com.mx\/index.php?rest_route=%2Fwp%2Fv2%2Fcomments&post=51647"}],"version-history":[{"count":1,"href":"https:\/\/zonaroja.com.mx\/index.php?rest_route=\/wp\/v2\/posts\/51647\/revisions"}],"predecessor-version":[{"id":51650,"href":"https:\/\/zonaroja.com.mx\/index.php?rest_route=\/wp\/v2\/posts\/51647\/revisions\/51650"}],"wp:featuredmedia":[{"embeddable":true,"href":"https:\/\/zonaroja.com.mx\/index.php?rest_route=\/wp\/v2\/media\/51649"}],"wp:attachment":[{"href":"https:\/\/zonaroja.com.mx\/index.php?rest_route=%2Fwp%2Fv2%2Fmedia&parent=51647"}],"wp:term":[{"taxonomy":"category","embeddable":true,"href":"https:\/\/zonaroja.com.mx\/index.php?rest_route=%2Fwp%2Fv2%2Fcategories&post=51647"},{"taxonomy":"post_tag","embeddable":true,"href":"https:\/\/zonaroja.com.mx\/index.php?rest_route=%2Fwp%2Fv2%2Ftags&post=51647"}],"curies":[{"name":"wp","href":"https:\/\/api.w.org\/{rel}","templated":true}]}}