{"id":51651,"date":"2023-02-14T11:27:00","date_gmt":"2023-02-14T17:27:00","guid":{"rendered":"http:\/\/www.zonaroja.com.mx\/?p=51651"},"modified":"2023-02-14T07:28:51","modified_gmt":"2023-02-14T13:28:51","slug":"inicia-el-poder-judicial-ciclo-academico-2023-de-estudios-de-especializacion","status":"publish","type":"post","link":"https:\/\/zonaroja.com.mx\/?p=51651","title":{"rendered":"Inicia el Poder Judicial ciclo acad\u00e9mico 2023 de Estudios de Especializaci\u00f3n"},"content":{"rendered":"\n<p>Redacci\u00f3n\/Zona Roja.<\/p>\n\n\n\n<p>Oaxaca de Ju\u00e1rez, Oax., a 14 de febrero de 2023.- El Poder&nbsp;Judicial del Estado ha dispuesto su mayor inter\u00e9s para que la administraci\u00f3n de justicia sea impartida por&nbsp;servidoras y servidores p\u00fablicos&nbsp;que desempe\u00f1en su responsabilidad con mayor&nbsp;eficiencia y profesionalizaci\u00f3n, como lo ha establecido el magistrado presidente Eduardo Pinacho S\u00e1nchez; por lo&nbsp;que,&nbsp;en esta meta,&nbsp;dio inicio&nbsp;el ciclo acad\u00e9mico 2023&nbsp;de los Estudios de Especializaci\u00f3n Judicial.<\/p>\n\n\n\n<p>Quienes tienen la oportunidad de cursar&nbsp;la capacitaci\u00f3n,&nbsp;aprobaron un estricto proceso de selecci\u00f3n&nbsp;y reunieron los requisitos que se&nbsp;requieren; adem\u00e1s de que no solo son servidores p\u00fablicos judiciales sino tambi\u00e9n abogados en general.<\/p>\n\n\n\n<p>Con una matr\u00edcula de&nbsp;125 alumnas y&nbsp;alumnos&nbsp;iniciaron las actividades de las especialidades&nbsp;en Derecho Civil-Mercantil, Derecho Familiar, Derecho Penal Sustantivo, Derechos Humanos y Sistema Acusatorio Penal, que imparte la instituci\u00f3n cada a\u00f1o.<\/p>\n\n\n\n<p>Al respecto, el director de la Escuela Judicial,&nbsp;maestro&nbsp;H\u00e9ctor Humberto V\u00e1squez Quevedo,&nbsp;mencion\u00f3 que&nbsp;la formaci\u00f3n judicial constituye&nbsp;uno de los ejes&nbsp;del Poder Judicial del Estado de Oaxaca,&nbsp;como parte de la humanizaci\u00f3n del servicio que se brinda a la sociedad.<\/p>\n\n\n\n<p>\u00abSe han dise\u00f1ado cursos, talleres, diplomados y especialidades en diversas materias, as\u00ed como en temas de actualidad pues constantemente las normas se reforman y eso hace que los operadores se est\u00e9n actualizando para cumplir con profesionalismo&nbsp;su trabajo\u00bb, destac\u00f3.<\/p>\n\n\n\n<p>Asimismo, refiri\u00f3 que, en cuanto a la proyecci\u00f3n de los cursos o capacitaciones, se emite una convocatoria donde se establecen los requisitos.&nbsp;El&nbsp;o la&nbsp;solicitante debe asistir a las oficinas de la instituci\u00f3n para llevar a&nbsp;cabo su proceso de inscripci\u00f3n y&nbsp;en algunos casos, como las Especialidades, se aplica un examen previo.<\/p>\n\n\n\n<p>Las actividades&nbsp;del ciclo acad\u00e9mico 2023&nbsp;de los Estudios de Especializaci\u00f3n Judicial&nbsp;concluir\u00e1n en diciembre de este a\u00f1o.&nbsp;<\/p>\n","protected":false},"excerpt":{"rendered":"<p>Redacci\u00f3n\/Zona Roja. Oaxaca de Ju\u00e1rez, Oax., a 14 de febrero de 2023.- El Poder&nbsp;Judicial del&hellip;<\/p>\n","protected":false},"author":2,"featured_media":51648,"comment_status":"closed","ping_status":"open","sticky":false,"template":"","format":"standard","meta":{"_lmt_disableupdate":"","_lmt_disable":"","_jetpack_memberships_contains_paid_content":false,"footnotes":""},"categories":[109,46],"tags":[223],"class_list":["post-51651","post","type-post","status-publish","format-standard","has-post-thumbnail","hentry","category-minuto-a-minuto","category-zona-blanca","tag-poder-judicial-de-oaxaca"],"jetpack_featured_media_url":"https:\/\/zonaroja.com.mx\/wp-content\/uploads\/2023\/02\/Abogados-se-especializan.jpg","jetpack_sharing_enabled":true,"_links":{"self":[{"href":"https:\/\/zonaroja.com.mx\/index.php?rest_route=\/wp\/v2\/posts\/51651","targetHints":{"allow":["GET"]}}],"collection":[{"href":"https:\/\/zonaroja.com.mx\/index.php?rest_route=\/wp\/v2\/posts"}],"about":[{"href":"https:\/\/zonaroja.com.mx\/index.php?rest_route=\/wp\/v2\/types\/post"}],"author":[{"embeddable":true,"href":"https:\/\/zonaroja.com.mx\/index.php?rest_route=\/wp\/v2\/users\/2"}],"replies":[{"embeddable":true,"href":"https:\/\/zonaroja.com.mx\/index.php?rest_route=%2Fwp%2Fv2%2Fcomments&post=51651"}],"version-history":[{"count":1,"href":"https:\/\/zonaroja.com.mx\/index.php?rest_route=\/wp\/v2\/posts\/51651\/revisions"}],"predecessor-version":[{"id":51652,"href":"https:\/\/zonaroja.com.mx\/index.php?rest_route=\/wp\/v2\/posts\/51651\/revisions\/51652"}],"wp:featuredmedia":[{"embeddable":true,"href":"https:\/\/zonaroja.com.mx\/index.php?rest_route=\/wp\/v2\/media\/51648"}],"wp:attachment":[{"href":"https:\/\/zonaroja.com.mx\/index.php?rest_route=%2Fwp%2Fv2%2Fmedia&parent=51651"}],"wp:term":[{"taxonomy":"category","embeddable":true,"href":"https:\/\/zonaroja.com.mx\/index.php?rest_route=%2Fwp%2Fv2%2Fcategories&post=51651"},{"taxonomy":"post_tag","embeddable":true,"href":"https:\/\/zonaroja.com.mx\/index.php?rest_route=%2Fwp%2Fv2%2Ftags&post=51651"}],"curies":[{"name":"wp","href":"https:\/\/api.w.org\/{rel}","templated":true}]}}