{"id":51654,"date":"2023-02-14T10:31:00","date_gmt":"2023-02-14T16:31:00","guid":{"rendered":"http:\/\/www.zonaroja.com.mx\/?p=51654"},"modified":"2023-02-14T07:33:12","modified_gmt":"2023-02-14T13:33:12","slug":"nada-cambia-en-oaxaca-hospitales-sin-pruebas-de-laboratorio-y-con-60-de-desabasto","status":"publish","type":"post","link":"https:\/\/zonaroja.com.mx\/?p=51654","title":{"rendered":"Nada cambia en Oaxaca: hospitales sin pruebas de laboratorio y con 60% de desabasto"},"content":{"rendered":"\n<p>David Ju\u00e1rez\/Zona Roja.<\/p>\n\n\n\n<p>Oaxaca de Ju\u00e1rez, Oax., a 14 de febrero de 2023.- A dos meses y 14 d\u00edas del comienzo de la administraci\u00f3n que encabeza el morenista Salom\u00f3n Jara Cruz, la red hospitalaria de los Servicios de Salud de Oaxaca (SSO) reporta un desabasto de hasta 100 por ciento en reactivos de laboratorio y de 60 por ciento en medicamentos.<\/p>\n\n\n\n<p>Los \u00fanicos centros m\u00e9dicos de los SSO que actualmente cuentan con reactivos para poder llevar a cabo pruebas de laboratorio de manera restringida y por una semana, son los hospitales generales \u201cDr. Aurelio Valdivieso\u00bb, de la ciudad de Oaxaca, y \u201cDr. Macedonio Ben\u00edtez Fuentes\u00bb, de Juchit\u00e1n de Zaragoza, as\u00ed como el Hospital de la Ni\u00f1ez Oaxaque\u00f1a, que durante la primera semana de febrero recibieron insumos para 15 d\u00edas tras una serie de protestas y gestiones hechas por su personal; en el resto, este servicio se encuentra suspendido, informaron a ZONA ROJA integrantes del Sindicato Nacional de Trabajadores de la Secretar\u00eda de Salud (SNTSA).<\/p>\n\n\n\n<p>La \u00faltima dotaci\u00f3n de reactivos en los centros hospitalarios de la entidad fue hecha el 22 de diciembre de 2022 por la empresa Centrum, que mantiene el control de tal sector, y desde entonces se han quedado sin cobertura por la falta de un contrato con las actuales autoridades estatales.<\/p>\n\n\n\n<p>\u00abHa habido carencia de insumos, medicamentos, en el primer mes de cada a\u00f1o es una historia que se repite. Con el pretexto de que a\u00fan no aterriza el presupuesto, se agudiza m\u00e1s el desabasto de medicamentos e insumos; principalmente, de los reactivos de laboratorio que desde el 22 de diciembre hasta la fecha no le han surtido a todos los hospitales en el estado\u00bb, lament\u00f3 la m\u00e9dica Yolanda S\u00e1nchez Ulloa, &nbsp;delegada de la Secci\u00f3n 35 del SNTSA en el hospital \u00abMacedonio Ben\u00edtez Fuentes\u00bb de Juchit\u00e1n de Zaragoza.<\/p>\n\n\n\n<p>\u00abA penas anteayer enviaron una dotaci\u00f3n de reactivos que va alcanzar solamente para 15 d\u00edas, 15 d\u00edas y \u00fanicamente para los pacientes hospitalizados, dejando fuera a los que acuden a las consultas de especialidades en nuestro hospital\u00bb, agreg\u00f3 la representante de los trabajadores de la salud.<\/p>\n\n\n\n<p>La falta de reactivos en la mayor\u00eda de los hospitales oaxaque\u00f1os ha retardado los diagn\u00f3sticos de los pacientes y, adem\u00e1s, ha obligado a las familias de los enfermos, la mayor\u00eda de escasos recursos, a cubrir en el sector privado los costos de servicios como biometr\u00eda hem\u00e1tica, qu\u00edmica sangu\u00ednea, examen general de orina, tiempos de sangrado, pruebas de funcionamiento hep\u00e1tico y electrolitos s\u00e9ricos, qu\u00e9 son los m\u00e1s comunes que se solicitan.<\/p>\n\n\n\n<p>\u00abTienen un alto costo en forma particular. &nbsp;Una bater\u00eda de estudios b\u00e1sicos, sale alrededor de mil 500 y hasta 2 mil pesos. El m\u00e9dico tarda en continuar con el diagn\u00f3stico porque los pacientes, hasta que no juntan el recurso econ\u00f3mico, no se puede hacer el estudio.<\/p>\n\n\n\n<p>\u00ab(En el caso del hospital \u00abMacedonio Ben\u00edtez\u00bb) s\u00ed tenemos (reactivos), pero s\u00f3lo para hospitalizados no para los que acuden a consulta externa de especialidades, y nos va a durar solamente 15 d\u00edas. Ya llevamos una semana (desde la dotaci\u00f3n) y en una semana ya estaremos nuevamente sin reactivos de laboratorio\u00bb, reiter\u00f3 S\u00e1nchez.<\/p>\n\n\n\n<p>EL PROBLEMA<\/p>\n\n\n\n<p>De acuerdo con S\u00e1nchez Ulloa, la falta de tales insumos radica en que el gobierno del estado no ha firmado un contrato de trabajo con la empresa Centrum, que es la que se encarga de dotar los reactivos &nbsp;a los hospitales de Oaxaca, pero que tambi\u00e9n mantiene un control monop\u00f3lico de este sector en todo el pa\u00eds.<\/p>\n\n\n\n<p>Incluso, abund\u00f3 la dirigente, las pr\u00e1cticas monop\u00f3licas de Centrum la han llevado a sostener problemas legales, al grado de ser inhabilitada por el gobierno federal.<\/p>\n\n\n\n<p>\u00abHay un problema con la empresa que subroga este servicio, que se llama Centrum. Esta empresa tiene problemas legales porque pr\u00e1cticamente es un monopolio en el control de los reactivos de laboratorio y todos los equipos que tienen los hospitales, el due\u00f1o, es de la empresa Centrum.<\/p>\n\n\n\n<p>\u00abNo podemos negar que son muy buenos equipos, pero para que funcionen requieren de los reactivos que necesariamente esta empresa abastece y ahorita no ha firmado un convenio con la Secretar\u00eda de Salud para que contin\u00fae dando el servicio\u00bb, subray\u00f3.<\/p>\n\n\n\n<p>La lideresa reiter\u00f3 que el problema \u00abes muy serio\u00bb y que podr\u00eda entrar en caos si al t\u00e9rmino de la primera quincena de febrero los tres hospitales que recibieron dotaciones de emergencia vuelven a quedarse sin cobertura.<\/p>\n\n\n\n<p>\u00abEl hospital &#8216;Aurelio Valdivieso&#8217;, el de la Ni\u00f1ez y el &#8216;Macedonio Ben\u00edtez Fuentes&#8217; de Juchit\u00e1n, fueron los tres \u00fanicos hospitales que surtieron. De verdad que es un tema muy serio. Sobre los reactivos, est\u00e1n obligando la privatizaci\u00f3n\u00bb, denunci\u00f3.<\/p>\n\n\n\n<p>C\u00c1RTEL \u201cCHUPASANGRE\u201d<\/p>\n\n\n\n<p>De acuerdo con el periodista Dar\u00edo Celis, experto en econom\u00eda, Centrum &nbsp;es una empresa que forma parte del llamado C\u00e1rtel de los \u201cChupasangre\u201d, conformado por un grupo de empresarios que ejerc\u00eda pr\u00e1cticas monop\u00f3licas en el suministro de estudios de laboratorio cl\u00ednico y bancos de sangre a nivel nacional.&nbsp;<\/p>\n\n\n\n<p>Los v\u00ednculos de aquellos personajes con gobiernos federales y estatales data de 1998, durante el gobierno de Ernesto Zedillo Ponce de Le\u00f3n, adem\u00e1s de que su colusi\u00f3n los llev\u00f3 a repartirse licitaciones &nbsp;de laboratorios, insumos m\u00e9dicos y bancos realizadas por el Instituto Mexicano del Seguro Social (IMSS) y del Instituto de Seguridad y Servicios Sociales de los Trabajadores (ISSSTE), adem\u00e1s de que divid\u00edan al pa\u00eds en regiones para que ninguno afectara los negocios del otro.<\/p>\n\n\n\n<p>El C\u00e1rtel de los \u201cChupasangre\u201d es conformado, precis\u00f3 Celis, por las empresas Falc\u00f3n, de No\u00e9 Ram\u00edrez, que se dedica a la venta y distribuci\u00f3n de instrumental m\u00e9dico, cl\u00ednico y de imagenolog\u00eda; Centrum, dirigida por Valent\u00edn Campos, que ofrece servicios de an\u00e1lisis cl\u00ednicos, banco de sangre, imagenolog\u00eda y venta de marcapasos, as\u00ed como Hemoser, de Ignacio Higareda; Impromed, de Fernando Chein y Dicipa, de Francisco Pallack.<\/p>\n\n\n\n<p>En 2016, durante el gobierno federal de Enrique Pe\u00f1a Nieto, el Instituto Mexicano del Seguro Social (IMSS) procedi\u00f3 en contra de esas y otras empresas &nbsp;al obtener evidencias &nbsp;de que se hab\u00edan puesto de acuerdo para repartirse territorios y fijar precios en una licitaci\u00f3n para 37 contratos y 469 millones de an\u00e1lisis cl\u00ednicos, detall\u00f3 Grupo Radio F\u00f3rmula, a partir de Informaci\u00f3n del propio Dar\u00edo Celis.<\/p>\n\n\n\n<p>M\u00e1s tarde, ese mismo a\u00f1o, abund\u00f3 el medio de comunicaci\u00f3n, se difundieron las conversaciones telef\u00f3nicas entre ejecutivos de Falc\u00f3n y Centrum, acordando el reparto de regiones y partidas del concurso del IMSS.<\/p>\n\n\n\n<p>En agosto de 2020, la Comisi\u00f3n Federal de Competencia Econ\u00f3mica (Cofece) anunci\u00f3 multas que sumaron 626 millones de pesos contra once empresas, luego de estimar que el IMSS y el ISSSTE pagaron sobreprecios de mil 200 millones de pesos. Finalmente, en agosto pasado, cinco de estas empresas fueron inhabilitadas por la Secretar\u00eda de la Funci\u00f3n P\u00fablica (SFP) por un periodo de siete a\u00f1os para recibir contratos de Gobierno.<\/p>\n\n\n\n<p>Las empresas castigadas son Instrumentos y Equipos Falc\u00f3n, Centrum Promotora Internacional, Impromed, Valtrum y Selecciones M\u00e9dicas.<\/p>\n\n\n\n<p>DESABASTO AL 60%&nbsp;<\/p>\n\n\n\n<p>En lo que respecta al abasto de medicinas, Yolanda S\u00e1nchez &nbsp;subray\u00f3 que \u00e9ste ronda en 40 por ciento, pero con una carencia pr\u00e1cticamente total de antibi\u00f3ticos, que se utilizan para combatir infecciones.<\/p>\n\n\n\n<p>\u00abA veces surten medicamentos que no se requieren; por ejemplo, los antibi\u00f3ticos son los que casi no los surten y si los surten, los surten en m\u00ednima cantidad. &nbsp;De ese porcentaje de abasto que se tiene, efectivamente, algunos (medicamentos) no son de mucha utilidad y se tienen que estar compartiendo con otras unidades para que no caduquen.<\/p>\n\n\n\n<p>\u00abYo he visto que los familiares tienen que salir a comprar antibi\u00f3ticos&#8230; El abasto de medicinas es igual en todo el estado\u00bb.<\/p>\n\n\n\n<p>S\u00e1nchez estim\u00f3 que tales irregularidades no ser\u00e1n solventadas a la brevedad, sino que, de acuerdo con los Servicios de Salud, deber\u00e1 pasar al menos un mes para que el abasto de medicinas y reactivos comience a regularizarse.<\/p>\n\n\n\n<p>Sin embargo, la l\u00edder admiti\u00f3 que, de no suceder, los trabajadores del sector salud deber\u00e1n comentar a movilizarse.<\/p>\n\n\n\n<p>\u00abSupuestamente, tiene que ser a partir del mes de marzo que se regularice todo, debido a que ellos como autoridades de salud a nivel estatal comentan que el financiamiento les llega hasta por el mes de marzo.<\/p>\n\n\n\n<p>\u00abVamos a seguir todav\u00eda lo que resta del mes de febrero y esperemos que en el mes de marzo ya s\u00e9 regularice esta situaci\u00f3n; de lo contrario, creo que s\u00ed tendr\u00edamos que tomar algunas medidas&#8230; Si no cumplen con esto, tomaremos otras medidas\u201d.<\/p>\n","protected":false},"excerpt":{"rendered":"<p>David Ju\u00e1rez\/Zona Roja. Oaxaca de Ju\u00e1rez, Oax., a 14 de febrero de 2023.- A dos&hellip;<\/p>\n","protected":false},"author":2,"featured_media":30119,"comment_status":"closed","ping_status":"open","sticky":false,"template":"","format":"standard","meta":{"_lmt_disableupdate":"","_lmt_disable":"","_jetpack_memberships_contains_paid_content":false,"footnotes":""},"categories":[109,47],"tags":[939,1005],"class_list":["post-51654","post","type-post","status-publish","format-standard","has-post-thumbnail","hentry","category-minuto-a-minuto","category-zona-gris","tag-salomon-jara-cruz","tag-servicios-de-salud-de-oaxaca-sso"],"jetpack_featured_media_url":"https:\/\/zonaroja.com.mx\/wp-content\/uploads\/2021\/07\/Marcha-medicinas-cancer.jpeg","jetpack_sharing_enabled":true,"_links":{"self":[{"href":"https:\/\/zonaroja.com.mx\/index.php?rest_route=\/wp\/v2\/posts\/51654","targetHints":{"allow":["GET"]}}],"collection":[{"href":"https:\/\/zonaroja.com.mx\/index.php?rest_route=\/wp\/v2\/posts"}],"about":[{"href":"https:\/\/zonaroja.com.mx\/index.php?rest_route=\/wp\/v2\/types\/post"}],"author":[{"embeddable":true,"href":"https:\/\/zonaroja.com.mx\/index.php?rest_route=\/wp\/v2\/users\/2"}],"replies":[{"embeddable":true,"href":"https:\/\/zonaroja.com.mx\/index.php?rest_route=%2Fwp%2Fv2%2Fcomments&post=51654"}],"version-history":[{"count":1,"href":"https:\/\/zonaroja.com.mx\/index.php?rest_route=\/wp\/v2\/posts\/51654\/revisions"}],"predecessor-version":[{"id":51655,"href":"https:\/\/zonaroja.com.mx\/index.php?rest_route=\/wp\/v2\/posts\/51654\/revisions\/51655"}],"wp:featuredmedia":[{"embeddable":true,"href":"https:\/\/zonaroja.com.mx\/index.php?rest_route=\/wp\/v2\/media\/30119"}],"wp:attachment":[{"href":"https:\/\/zonaroja.com.mx\/index.php?rest_route=%2Fwp%2Fv2%2Fmedia&parent=51654"}],"wp:term":[{"taxonomy":"category","embeddable":true,"href":"https:\/\/zonaroja.com.mx\/index.php?rest_route=%2Fwp%2Fv2%2Fcategories&post=51654"},{"taxonomy":"post_tag","embeddable":true,"href":"https:\/\/zonaroja.com.mx\/index.php?rest_route=%2Fwp%2Fv2%2Ftags&post=51654"}],"curies":[{"name":"wp","href":"https:\/\/api.w.org\/{rel}","templated":true}]}}