{"id":51656,"date":"2023-02-14T04:33:00","date_gmt":"2023-02-14T10:33:00","guid":{"rendered":"http:\/\/www.zonaroja.com.mx\/?p=51656"},"modified":"2023-02-14T19:22:45","modified_gmt":"2023-02-15T01:22:45","slug":"pend1-23","status":"publish","type":"post","link":"https:\/\/zonaroja.com.mx\/?p=51656","title":{"rendered":"Tiene Jara primera masacre: asesinan a cinco  en Amoltepec; hieren a polic\u00eda en zona Triqui"},"content":{"rendered":"\n<p>Yuridiana Sosa\/Zona Roja.<\/p>\n\n\n\n<p>Oaxaca de Ju\u00e1rez, Oax., a 14 de febrero de 2023.- Este martes se registr\u00f3 la primera masacre en el gobierno de Salom\u00f3n Jara Cruz, a dos meses y medio de haber asumido el cargo.<\/p>\n\n\n\n<p>El saldo de la jornada es de seis personas asesinadas en menos de 24 horas y dos lesionadas, en hechos registrados en las regiones Sierra Sur y Mixteca.<\/p>\n\n\n\n<p>En el municipio de Santiago Amoltepec, un grupo armado asesin\u00f3 a cinco personas que quedaron tiradas sobre la calle frente al palacio municipal; una m\u00e1s result\u00f3 herida.<\/p>\n\n\n\n<p>Sobre el desarrollo de los hechos la Secretar\u00eda de Gobierno ofreci\u00f3 detalles que la Fiscal\u00eda General de Oaxaca omiti\u00f3 en su comunicado, mismo en el que confirm\u00f3 el n\u00famero de muertos y el inicio de carpetas de investigaci\u00f3n por homicidio calificado y homicidio en grado de tentativa, sin ofrecer el n\u00famero de carpeta.<\/p>\n\n\n\n<p>La Fiscal\u00eda de Oaxaca apunt\u00f3 que el hecho ocurri\u00f3 en las calles de Amoltepec, mientras que el Gobierno del Estado a trav\u00e9s del secretario de Gobierno, Jes\u00fas Romero L\u00f3pez, indic\u00f3 que la violencia ocurri\u00f3 en el Palacio Municipal de Santiago Amoltepec, en tanto se desarrollaba una reuni\u00f3n entre autoridades municipales de esa poblaci\u00f3n y autoridades municipales de Santiago Textitl\u00e1n.<\/p>\n\n\n\n<p>Relat\u00f3 que dentro de las primeras versiones de los hechos, al lugar arrib\u00f3 un grupo de ciudadanos que portaban armas de fuego para agredir a quienes participaban en la asamblea, situaci\u00f3n que se est\u00e1 verificando por la autoridad. Y en respuesta a la agresi\u00f3n, las personas que se encontraban en el Palacio Municipal respondieron al ataque, lo que dej\u00f3 como saldo \u201calgunos\u201d ciudadanos muertos.<\/p>\n\n\n\n<figure class=\"wp-block-embed is-type-rich is-provider-twitter wp-block-embed-twitter\"><div class=\"wp-block-embed__wrapper\">\n<div class=\"twitter-tweet\"><blockquote class=\"twitter-tweet\" data-lang=\"es\"><p lang=\"es\" dir=\"ltr\"><a href=\"https:\/\/twitter.com\/hashtag\/%C3%9AltimoMinuto?src=hash&amp;ref_src=twsrc%5Etfw\">#\u00daltimoMinuto<\/a><br>Al menos cinco personas fueron asesinadas por disparos de arma de fuego, esta tarde en la explanada de Santiago <a href=\"https:\/\/twitter.com\/hashtag\/Amoltepec?src=hash&amp;ref_src=twsrc%5Etfw\">#Amoltepec<\/a>, municipio de la regi\u00f3n Sierra Sur del estado de <a href=\"https:\/\/twitter.com\/hashtag\/Oaxaca?src=hash&amp;ref_src=twsrc%5Etfw\">#Oaxaca<\/a> . <a href=\"https:\/\/t.co\/Wgym5nG0MU\">pic.twitter.com\/Wgym5nG0MU<\/a><\/p>&mdash; Zona Roja Oaxaca (@ZonaRoja_Oaxaca) <a href=\"https:\/\/twitter.com\/ZonaRoja_Oaxaca\/status\/1625646978968305667?ref_src=twsrc%5Etfw\">15 de febrero de 2023<\/a><\/blockquote><\/div>\n<\/div><\/figure>\n\n\n\n<p>Tras lo ocurrido, se orden\u00f3 a la Secretar\u00eda de Seguridad y Protecci\u00f3n Ciudadana (SSPC) implementar un operativo de seguridad y vigilancia en la zona.<\/p>\n\n\n\n<p>En ninguno de los reportes de las autoridades se mencion\u00f3 o descart\u00f3 que entre las personas muertas, varones, sean hijos del ex presidente municipal Abel Garc\u00eda Santiago y dos hayan sido escoltas, integrantes de la Polic\u00eda Estatal, como se dieron a conocer entre las primeras versiones.<\/p>\n\n\n\n<p>En otro hecho distinto, pero tambi\u00e9n ocurrido en Santiago Amoltepec, anoche fue asesinado a balazos un individuo, Alfredo P. V., de 31 a\u00f1os de edad; el crimen se perpetr\u00f3 en la comunidad de Piedra del Tambor  y hasta ahora no hay personas detenidas.<\/p>\n\n\n\n<p>M\u00c1S VIOLENCIA<\/p>\n\n\n\n<p>En la zona triqui de Oaxaca contin\u00faan las agresiones armadas, de las cuales se acusan mutuamente las organizaciones Movimiento de Unificaci\u00f3n y Lucha Triqui Independiente (MULTI) y Movimiento de Unificaci\u00f3n y Lucha Triqui (MULTI).<\/p>\n\n\n\n<p>El ataque ocurri\u00f3 en La Brama Paraje P\u00e9rez Copala, en que un elemento de la Polic\u00eda Estatal result\u00f3 herido.<\/p>\n\n\n\n<p>Por el suceso, el MULTI exigi\u00f3 al gobierno del estado la reinstalaci\u00f3n de la mesa de pacificaci\u00f3n, de la cual se levant\u00f3 el MULT la semana pasada por el asesinato de cuatro de sus integrantes.<\/p>\n","protected":false},"excerpt":{"rendered":"<p>Yuridiana Sosa\/Zona Roja. Oaxaca de Ju\u00e1rez, Oax., a 14 de febrero de 2023.- Este martes&hellip;<\/p>\n","protected":false},"author":2,"featured_media":51664,"comment_status":"closed","ping_status":"open","sticky":false,"template":"","format":"standard","meta":{"_lmt_disableupdate":"","_lmt_disable":"","_jetpack_memberships_contains_paid_content":false,"footnotes":""},"categories":[109,51],"tags":[860],"class_list":["post-51656","post","type-post","status-publish","format-standard","has-post-thumbnail","hentry","category-minuto-a-minuto","category-zona-roja","tag-santiago-amoltepec"],"jetpack_featured_media_url":"https:\/\/zonaroja.com.mx\/wp-content\/uploads\/2023\/02\/Cinco-asesinados-Amoltepec.jpg","jetpack_sharing_enabled":true,"_links":{"self":[{"href":"https:\/\/zonaroja.com.mx\/index.php?rest_route=\/wp\/v2\/posts\/51656","targetHints":{"allow":["GET"]}}],"collection":[{"href":"https:\/\/zonaroja.com.mx\/index.php?rest_route=\/wp\/v2\/posts"}],"about":[{"href":"https:\/\/zonaroja.com.mx\/index.php?rest_route=\/wp\/v2\/types\/post"}],"author":[{"embeddable":true,"href":"https:\/\/zonaroja.com.mx\/index.php?rest_route=\/wp\/v2\/users\/2"}],"replies":[{"embeddable":true,"href":"https:\/\/zonaroja.com.mx\/index.php?rest_route=%2Fwp%2Fv2%2Fcomments&post=51656"}],"version-history":[{"count":3,"href":"https:\/\/zonaroja.com.mx\/index.php?rest_route=\/wp\/v2\/posts\/51656\/revisions"}],"predecessor-version":[{"id":51665,"href":"https:\/\/zonaroja.com.mx\/index.php?rest_route=\/wp\/v2\/posts\/51656\/revisions\/51665"}],"wp:featuredmedia":[{"embeddable":true,"href":"https:\/\/zonaroja.com.mx\/index.php?rest_route=\/wp\/v2\/media\/51664"}],"wp:attachment":[{"href":"https:\/\/zonaroja.com.mx\/index.php?rest_route=%2Fwp%2Fv2%2Fmedia&parent=51656"}],"wp:term":[{"taxonomy":"category","embeddable":true,"href":"https:\/\/zonaroja.com.mx\/index.php?rest_route=%2Fwp%2Fv2%2Fcategories&post=51656"},{"taxonomy":"post_tag","embeddable":true,"href":"https:\/\/zonaroja.com.mx\/index.php?rest_route=%2Fwp%2Fv2%2Ftags&post=51656"}],"curies":[{"name":"wp","href":"https:\/\/api.w.org\/{rel}","templated":true}]}}