{"id":51658,"date":"2023-02-14T13:33:00","date_gmt":"2023-02-14T19:33:00","guid":{"rendered":"http:\/\/www.zonaroja.com.mx\/?p=51658"},"modified":"2023-02-14T13:43:22","modified_gmt":"2023-02-14T19:43:22","slug":"pend2-16","status":"publish","type":"post","link":"https:\/\/zonaroja.com.mx\/?p=51658","title":{"rendered":"Acusan traici\u00f3n de Bola\u00f1os Cacho; primero mand\u00f3 \u201ca la chingada\u201d a Morena\u201d y ahora va contra PRI"},"content":{"rendered":"\n<p>Yuridiana Sosa\/Zona Roja.<\/p>\n\n\n\n<p>Oaxaca de Ju\u00e1rez, Oax., a 14 de febrero de 2023.- En la ruta de una nueva forma de trabajo para mantener la unidad del Partido Revolucionario Institucional en Oaxaca, el presidente del Comit\u00e9 Estatal, Javier Villaca\u00f1a, subray\u00f3 la traici\u00f3n del senador Ra\u00fal Bola\u00f1os Cacho Cu\u00e9, quien a pesar que su carrera pol\u00edtica la debe al tricolor, ahora rinde honores Morena.&nbsp;<\/p>\n\n\n\n<p>\u201cDejar de militar es un derecho que tiene, pero lo que no se vales es ser parte de una estrategia para denostar, para agraviar y que encabeza alguien que le debe todo al partido (al PRI)\u201d, expres\u00f3 el presidente del PRI en Oaxaca, Javier Villaca\u00f1a Jim\u00e9nez durante la conferencia de prensa, en la que asegur\u00f3 que este partido no desaparecer\u00e1 pese al esfuerzo de otros.&nbsp;<\/p>\n\n\n\n<p>Como ejemplo de la falta de compromiso de Bola\u00f1os Cu\u00e9 con el PRI -por el que asegura lleg\u00f3 al Senado en alianza que realiz\u00f3 el Partido Verde Ecologista de M\u00e9xico- es que parte de los acuerdos de este apoyo era que por cuatro a\u00f1os mantuviera el cargo y los dos a\u00f1os restantes los cediera a Villaca\u00f1a Jim\u00e9nez, quien es su suplente de f\u00f3rmula.<\/p>\n\n\n\n<p>\u201cEstoy esperando que me cumpla, y s\u00e9 que va a decir que no es cierto, pero si no me cumpli\u00f3 a m\u00ed, imag\u00ednense a los otros. Que lamentable que sea el esquirol de los intereses de quienes s\u00ed lo han dicho, quieren desaparecer al PRI\u201d, destac\u00f3 el l\u00edder priista.<\/p>\n\n\n\n<p>Frente a circunstancias como esa, Villaca\u00f1a Jim\u00e9nez sostuvo que el PRI no dejar\u00e1 de tener presencia en Oaxaca porque su poder pol\u00edtico est\u00e1 m\u00e1s all\u00e1 de figuras o personajes pol\u00edticos, pues son los oaxaque\u00f1os que por d\u00e9cadas se han mantenido fieles y es por lo que van a trabajar.<\/p>\n\n\n\n<p>\u201cA LA CHINGADA\u201d<\/p>\n\n\n\n<p>Durante la campa\u00f1a del 2018, en busca de un curul en el Senado, Ra\u00fal Bola\u00f1os Cu\u00e9 invit\u00f3 a los oaxaque\u00f1os a mandar a la \u201ca la chingada\u201d y a \u201cromperle la madre\u201d a Morena, partido por el que contend\u00eda Salom\u00f3n Jara Cruz para Senador.<\/p>\n\n\n\n<p>En su visita por Pinotepa Nacional, el Verde Ecologista sentenci\u00f3: \u201cDe este lado no vamos a dejar que entren los dem\u00e1s, y cuando vengan los de Morena o los del Frente, que son lo mismo, le dicen que se vayan derechito a la chingada\u2026Les vamos a romper la madre\u201d.Para el 2021, ya como senador acept\u00f3 como representante del Verde la alianza con Morena, e incluso fue aspirante a la candidatura a Gobernador de Oaxaca por \u201cJuntos Hacemos Historia\u201d encabezada por Morena. Luego de no ser favorecido, se aline\u00f3 con Salom\u00f3n Jara Cruz, olvidando su origen pol\u00edtico y acuerdos con el PRI.<\/p>\n","protected":false},"excerpt":{"rendered":"<p>Yuridiana Sosa\/Zona Roja. Oaxaca de Ju\u00e1rez, Oax., a 14 de febrero de 2023.- En la&hellip;<\/p>\n","protected":false},"author":2,"featured_media":51660,"comment_status":"closed","ping_status":"open","sticky":false,"template":"","format":"standard","meta":{"_lmt_disableupdate":"","_lmt_disable":"","_jetpack_memberships_contains_paid_content":false,"footnotes":""},"categories":[109,47],"tags":[],"class_list":["post-51658","post","type-post","status-publish","format-standard","has-post-thumbnail","hentry","category-minuto-a-minuto","category-zona-gris"],"jetpack_featured_media_url":"https:\/\/zonaroja.com.mx\/wp-content\/uploads\/2023\/02\/img_4270.jpg","jetpack_sharing_enabled":true,"_links":{"self":[{"href":"https:\/\/zonaroja.com.mx\/index.php?rest_route=\/wp\/v2\/posts\/51658","targetHints":{"allow":["GET"]}}],"collection":[{"href":"https:\/\/zonaroja.com.mx\/index.php?rest_route=\/wp\/v2\/posts"}],"about":[{"href":"https:\/\/zonaroja.com.mx\/index.php?rest_route=\/wp\/v2\/types\/post"}],"author":[{"embeddable":true,"href":"https:\/\/zonaroja.com.mx\/index.php?rest_route=\/wp\/v2\/users\/2"}],"replies":[{"embeddable":true,"href":"https:\/\/zonaroja.com.mx\/index.php?rest_route=%2Fwp%2Fv2%2Fcomments&post=51658"}],"version-history":[{"count":2,"href":"https:\/\/zonaroja.com.mx\/index.php?rest_route=\/wp\/v2\/posts\/51658\/revisions"}],"predecessor-version":[{"id":51661,"href":"https:\/\/zonaroja.com.mx\/index.php?rest_route=\/wp\/v2\/posts\/51658\/revisions\/51661"}],"wp:featuredmedia":[{"embeddable":true,"href":"https:\/\/zonaroja.com.mx\/index.php?rest_route=\/wp\/v2\/media\/51660"}],"wp:attachment":[{"href":"https:\/\/zonaroja.com.mx\/index.php?rest_route=%2Fwp%2Fv2%2Fmedia&parent=51658"}],"wp:term":[{"taxonomy":"category","embeddable":true,"href":"https:\/\/zonaroja.com.mx\/index.php?rest_route=%2Fwp%2Fv2%2Fcategories&post=51658"},{"taxonomy":"post_tag","embeddable":true,"href":"https:\/\/zonaroja.com.mx\/index.php?rest_route=%2Fwp%2Fv2%2Ftags&post=51658"}],"curies":[{"name":"wp","href":"https:\/\/api.w.org\/{rel}","templated":true}]}}