{"id":51666,"date":"2023-02-14T21:15:16","date_gmt":"2023-02-15T03:15:16","guid":{"rendered":"http:\/\/www.zonaroja.com.mx\/?p=51666"},"modified":"2023-02-14T21:15:20","modified_gmt":"2023-02-15T03:15:20","slug":"enesimo-dia-de-caos-en-oaxaca-con-bloqueos-planton-huelga-de-hambre","status":"publish","type":"post","link":"https:\/\/zonaroja.com.mx\/?p=51666","title":{"rendered":"En\u00e9simo d\u00eda de caos en Oaxaca, con bloqueos, \u201cplant\u00f3n\u201d, huelga de hambre\u2026"},"content":{"rendered":"\n<p>Yuridiana Sosa\/Zona Roja.<\/p>\n\n\n\n<p>Oaxaca de Ju\u00e1rez, Oax., a 14 de febrero de 2023.- Por segundo d\u00eda consecutivo las protestas y bloqueos en Oaxaca contin\u00faan esta semana, con la suma de un \u201cplant\u00f3n\u201d de ind\u00edgenas triquis frente a Palacio de Gobierno.<\/p>\n\n\n\n<p>La incapacidad para el cumplimiento de acuerdos por parte del titular de la Secretar\u00eda de Gobierno de Oaxaca, Jes\u00fas Romero L\u00f3pez, provoc\u00f3 que un grupo de mujeres ind\u00edgenas triquis, lideradas por Lorena Merino, instalaron un \u201cplant\u00f3n\u201d y una huelga de hambre frente a la puerta principal del Palacio de Gobierno.<\/p>\n\n\n\n<p>Con un tendedero de cartulinas con reclamos y exigencia y una casa de campa\u00f1a, las ind\u00edgenas comenzaron su protesta indefinida que tiene como finalidad que Romero L\u00f3pez cumpla con lo pactado el 22 de diciembre, referente a proporcionar a las afectadas del desplazamiento un espacio para vender sus artesan\u00edas.<\/p>\n\n\n\n<p>\u201cNo tiene la capacidad de resolver el problema\u201d se\u00f1al\u00f3 Lorena Merino, desplazada desde el 2010, sobre el secretario de Gobierno de Oaxaca, quien ha mostrado a su vez nulo inter\u00e9s por cumplir con los acuerdos tras el desalojo del Palacio de Gobierno el 2 de diciembre.<\/p>\n\n\n\n<p>Esta forma de gobernar, agreg\u00f3 la ind\u00edgena, deja claro que tampoco tiene capacidad para resolver el retorno seguro de los desplazados a sus comunidades de origen.<\/p>\n\n\n\n<figure class=\"wp-block-embed is-type-rich is-provider-twitter wp-block-embed-twitter\"><div class=\"wp-block-embed__wrapper\">\n<div class=\"twitter-tweet\"><blockquote class=\"twitter-tweet\" data-lang=\"es\"><p lang=\"es\" dir=\"ltr\"><a href=\"https:\/\/twitter.com\/hashtag\/ENVIVO?src=hash&amp;ref_src=twsrc%5Etfw\">#ENVIVO<\/a><br>Oaxaca de Ju\u00e1rez, Oax., 14 de febrero de 2023.- Se instalan en \u201cplant\u00f3n\u201d y huelga de hambre de un grupo de ind\u00edgenas triquis encabezado por Lorena Merino. Califican tambi\u00e9n de incapaz y mentiroso a titular de la <a href=\"https:\/\/twitter.com\/SEGO_Oax?ref_src=twsrc%5Etfw\">@SEGO_Oax<\/a>, <a href=\"https:\/\/twitter.com\/jesusromerooax?ref_src=twsrc%5Etfw\">@jesusromerooax<\/a>.<br>\ud83d\udc47<a href=\"https:\/\/t.co\/o4X7d4jyYn\">https:\/\/t.co\/o4X7d4jyYn<\/a> <a href=\"https:\/\/t.co\/kDVytz0qvF\">pic.twitter.com\/kDVytz0qvF<\/a><\/p>&mdash; Zona Roja Oaxaca (@ZonaRoja_Oaxaca) <a href=\"https:\/\/twitter.com\/ZonaRoja_Oaxaca\/status\/1625551521822953472?ref_src=twsrc%5Etfw\">14 de febrero de 2023<\/a><\/blockquote><\/div>\n<\/div><figcaption>bloqueo<\/figcaption><\/figure>\n\n\n\n<p>INTENSIFICAN PROTESTAS<\/p>\n\n\n\n<p>De forma consecutiva, estudiantes normalistas regresaron a las calles de la capital para realizar protestas, pero a su vez, compa\u00f1eras de la Escuela Normal de Tamazul\u00e1pam del Progreso se unieron a la movilizaci\u00f3n desde su lugar de origen.<\/p>\n\n\n\n<p>Desde temprana hora las estudiantes, armadas con palos, \u201ctomaron\u201d camiones de productos para saquear las mercanc\u00edas, entre ellos un cami\u00f3n de refrescos en la carretera Oaxaca-M\u00e9xico, a la altura de ese municipio.<\/p>\n\n\n\n<p>Mientras que en la capital volvieron a \u201csecuestrar\u201d al menos cinco camiones urbanos para realizar su manifestaci\u00f3n.<\/p>\n\n\n\n<p>Ante la falta de atenci\u00f3n y una respuesta del Gobierno del Estado a trav\u00e9s del IEEPO para la contrataci\u00f3n directa, este martes la protesta subi\u00f3 de violencia con la utilizaci\u00f3n de tablas con clavos sobre las calles para detener veh\u00edculos.<\/p>\n\n\n\n<p>Con dichas unidades, a las que tambi\u00e9n cargaron de llantas, bidones de gasolina y cohetes, se fueron a la calzada San Felipe, al norte de la capital, donde instalaron un bloqueo.<\/p>\n\n\n\n<p>Pero por la tarde, vecinos de San Felipe del Agua, encabezados por el agente municipal Jaime Alberto Cruz Varela, les exigieron que se retiraran, por lo cual los pr\u00f3ximos docentes pr\u00e1cticamente salieron corriendo de la zona y regresaron a su campamento instalado en el centro.<\/p>\n\n\n\n<p>En tanto que por la ma\u00f1ana, integrantes del Sindicato de Trabajadores y Empleados de la UABJO marcharon en la zona oriente de la capital con rumbo a la Junta de Conciliaci\u00f3n Laboral, en Santa Mar\u00eda Ixcotel, con el fin de exigir al rector Cristian \u00c9der Carre\u00f1o respuestas inmediatas a su pliego petitorio, o en su caso estallar\u00e1n su huelga en los pr\u00f3ximos d\u00edas.<\/p>\n\n\n\n<figure class=\"wp-block-embed is-type-rich is-provider-twitter wp-block-embed-twitter\"><div class=\"wp-block-embed__wrapper\">\n<div class=\"twitter-tweet\"><blockquote class=\"twitter-tweet\" data-lang=\"es\"><p lang=\"es\" dir=\"ltr\"><a href=\"https:\/\/twitter.com\/hashtag\/%C3%9AltimoMinuto?src=hash&amp;ref_src=twsrc%5Etfw\">#\u00daltimoMinuto<\/a><br>Vu\u00e9lvelo a carga los normalistas.<br>Ahora un grupo de estudiantes de la Escuela Normal de Tamazulapan del Progreso \u201ctoman\u201d camiones de productos y saquean mercanc\u00edas.<br>Los hechos, en la carretera Oaxaca-M\u00e9xico, a la altura de ese municipio. <a href=\"https:\/\/t.co\/xr71GAv7Fz\">pic.twitter.com\/xr71GAv7Fz<\/a><\/p>&mdash; Zona Roja Oaxaca (@ZonaRoja_Oaxaca) <a href=\"https:\/\/twitter.com\/ZonaRoja_Oaxaca\/status\/1625563095388262400?ref_src=twsrc%5Etfw\">14 de febrero de 2023<\/a><\/blockquote><\/div>\n<\/div><\/figure>\n\n\n\n<p>EN LA COSTA E ISTMO<\/p>\n\n\n\n<p>Por otra parte, habitantes de San Pedro Huamelula, integrados en la Sociedad Agr\u00edcola y Ganadera El Coyul, volvieron a cerrar el paso, por segundo d\u00eda, en la carretera federal 200, en el tramo Salina Cruz- Huatulco, a la altura de la comunidad de El Coyul.<\/p>\n\n\n\n<p>Exigen la intervenci\u00f3n del gobierno estatal y federal para instalar una mesa de di\u00e1logo para solucionar el problema del despojo de tierras comunales a favor de un particular.<\/p>\n\n\n\n<p>El bloqueo afect\u00f3 severamente el paso entre la regi\u00f3n de la Costa e Istmo y se retir\u00f3 esta noche; no obstante, amagaron con volver a reactivarse ma\u00f1ana.<\/p>\n\n\n\n<p>En tanto que en Salina Cruz, contin\u00faa el conflicto entre organizaciones de transportistas por la disputa de contratos de obras para la construcci\u00f3n del rompeolas en el puerto, lo que mantiene paralizados los trabajos desde hace una semana.<\/p>\n\n\n\n<figure class=\"wp-block-embed is-type-rich is-provider-twitter wp-block-embed-twitter\"><div class=\"wp-block-embed__wrapper\">\n<div class=\"twitter-tweet\"><blockquote class=\"twitter-tweet\" data-lang=\"es\"><p lang=\"es\" dir=\"ltr\"><a href=\"https:\/\/twitter.com\/hashtag\/ENVIVO?src=hash&amp;ref_src=twsrc%5Etfw\">#ENVIVO<\/a><br>Reanudan su jornada de protestas los normalistas. <br>\u201cToman\u201d cinco camiones, llevan llantas. cohetes y gasolina y parten del centro de la ciudad de <a href=\"https:\/\/twitter.com\/hashtag\/Oaxaca?src=hash&amp;ref_src=twsrc%5Etfw\">#Oaxaca<\/a>. Adem\u00e1s portan tablas con clavos para parar veh\u00edculos.<br>\ud83d\udc47Transmisi\u00f3n <a href=\"https:\/\/t.co\/hPrMnwlFjp\">https:\/\/t.co\/hPrMnwlFjp<\/a> <a href=\"https:\/\/t.co\/SRx10NrRjK\">pic.twitter.com\/SRx10NrRjK<\/a><\/p>&mdash; Zona Roja Oaxaca (@ZonaRoja_Oaxaca) <a href=\"https:\/\/twitter.com\/ZonaRoja_Oaxaca\/status\/1625577697421189125?ref_src=twsrc%5Etfw\">14 de febrero de 2023<\/a><\/blockquote><\/div>\n<\/div><\/figure>\n","protected":false},"excerpt":{"rendered":"<p>Yuridiana Sosa\/Zona Roja. Oaxaca de Ju\u00e1rez, Oax., a 14 de febrero de 2023.- Por segundo&hellip;<\/p>\n","protected":false},"author":2,"featured_media":51667,"comment_status":"closed","ping_status":"open","sticky":false,"template":"","format":"standard","meta":{"_lmt_disableupdate":"","_lmt_disable":"","_jetpack_memberships_contains_paid_content":false,"footnotes":""},"categories":[109,47],"tags":[2264],"class_list":["post-51666","post","type-post","status-publish","format-standard","has-post-thumbnail","hentry","category-minuto-a-minuto","category-zona-gris","tag-bloqueos-y-protestas-oaxaca"],"jetpack_featured_media_url":"https:\/\/zonaroja.com.mx\/wp-content\/uploads\/2023\/02\/Planton-Lorena-Merino-Oaxaca-triquis.jpg","jetpack_sharing_enabled":true,"_links":{"self":[{"href":"https:\/\/zonaroja.com.mx\/index.php?rest_route=\/wp\/v2\/posts\/51666","targetHints":{"allow":["GET"]}}],"collection":[{"href":"https:\/\/zonaroja.com.mx\/index.php?rest_route=\/wp\/v2\/posts"}],"about":[{"href":"https:\/\/zonaroja.com.mx\/index.php?rest_route=\/wp\/v2\/types\/post"}],"author":[{"embeddable":true,"href":"https:\/\/zonaroja.com.mx\/index.php?rest_route=\/wp\/v2\/users\/2"}],"replies":[{"embeddable":true,"href":"https:\/\/zonaroja.com.mx\/index.php?rest_route=%2Fwp%2Fv2%2Fcomments&post=51666"}],"version-history":[{"count":1,"href":"https:\/\/zonaroja.com.mx\/index.php?rest_route=\/wp\/v2\/posts\/51666\/revisions"}],"predecessor-version":[{"id":51668,"href":"https:\/\/zonaroja.com.mx\/index.php?rest_route=\/wp\/v2\/posts\/51666\/revisions\/51668"}],"wp:featuredmedia":[{"embeddable":true,"href":"https:\/\/zonaroja.com.mx\/index.php?rest_route=\/wp\/v2\/media\/51667"}],"wp:attachment":[{"href":"https:\/\/zonaroja.com.mx\/index.php?rest_route=%2Fwp%2Fv2%2Fmedia&parent=51666"}],"wp:term":[{"taxonomy":"category","embeddable":true,"href":"https:\/\/zonaroja.com.mx\/index.php?rest_route=%2Fwp%2Fv2%2Fcategories&post=51666"},{"taxonomy":"post_tag","embeddable":true,"href":"https:\/\/zonaroja.com.mx\/index.php?rest_route=%2Fwp%2Fv2%2Ftags&post=51666"}],"curies":[{"name":"wp","href":"https:\/\/api.w.org\/{rel}","templated":true}]}}