{"id":51669,"date":"2023-02-14T22:13:10","date_gmt":"2023-02-15T04:13:10","guid":{"rendered":"http:\/\/www.zonaroja.com.mx\/?p=51669"},"modified":"2023-02-14T22:13:13","modified_gmt":"2023-02-15T04:13:13","slug":"reconoce-el-registro-agrario-nacional-a-comisariado-electo-de-tonameca","status":"publish","type":"post","link":"https:\/\/zonaroja.com.mx\/?p=51669","title":{"rendered":"Reconoce el Registro Agrario Nacional a Comisariado electo de Tonameca"},"content":{"rendered":"\n<p>Redacci\u00f3n\/Zona Roja.<\/p>\n\n\n\n<p>Oaxaca de Ju\u00e1rez, Oax., a 14 de febrero de 2023.- Autoridades del Registro Agrario Nacional reconocieron a un \u00fanico Comisariado de Bienes Comunales de Santa Mar\u00eda Tonameca, que encabeza Ra\u00fal Ram\u00edrez Rodr\u00edguez.<\/p>\n\n\n\n<p>Lo anterior luego de un diferendo que se dio en dicha comunidad de la regi\u00f3n de la Costa, en que un grupo se pretendi\u00f3 erigir como nuevo Comisariado, pero utiliz\u00f3 firmas falsas para acreditarse.<\/p>\n\n\n\n<p>El delegado del Registro Agrario Nacional, Javier Mat\u00edas, reconoci\u00f3 que recibieron el expediente de estos \u00faltimos, como un acto de buena fe.&nbsp;<\/p>\n\n\n\n<p>Pero tras la revisi\u00f3n del expediente y el reclamo del actual Comisariado, finalmente acept\u00f3 que la dirigencia que encabeza Ra\u00fal Ram\u00edrez es la formalmente electa.<\/p>\n\n\n\n<p>As\u00ed, qued\u00f3 claro que Ra\u00fal Ram\u00edrez Rodr\u00edguez funge como presidente, Manuel Cruz Mart\u00ednez secretario y Aar\u00f3n Gaspar Gonzaga como tesorero, \u00fanicas autoridades legalmente electas.<\/p>\n\n\n\n<p>En conferencia de prensa en la ciudad de Oaxaca, las actuales autoridades auxiliares, indicaron que desde abril de 2021 fueron electos pero ha habido una serie de conflictos en que incluso un grupo usurp\u00f3 las funciones del Comisariado.<\/p>\n\n\n\n<p>Por lo cual reiteraron ante las autoridades federales, estatales y municipales de Santa Maria Tonameca, que hay un \u00fanico Comisariado de Bienes Comunales, con reconocimiento legal y formal.<\/p>\n\n\n\n<figure class=\"wp-block-embed is-type-rich is-provider-twitter wp-block-embed-twitter\"><div class=\"wp-block-embed__wrapper\">\n<div class=\"twitter-tweet\"><blockquote class=\"twitter-tweet\" data-lang=\"es\"><p lang=\"es\" dir=\"ltr\">En conferencia de prensa en la capital, autoridades agrarias de Santa Mar\u00eda <a href=\"https:\/\/twitter.com\/hashtag\/Tonameca?src=hash&amp;ref_src=twsrc%5Etfw\">#Tonameca<\/a>, <a href=\"https:\/\/twitter.com\/hashtag\/Oaxaca?src=hash&amp;ref_src=twsrc%5Etfw\">#Oaxaca<\/a>, confirmaron que el Registro Agrario Nacional, rectifica y reconoce a Ra\u00fal Ram\u00edrez Rodr\u00edguez como presidente del Comisariado de Bienes Comunales; desconocen cualquier otro nombramiento. <a href=\"https:\/\/t.co\/VkWUsFHIYp\">pic.twitter.com\/VkWUsFHIYp<\/a><\/p>&mdash; Zona Roja Oaxaca (@ZonaRoja_Oaxaca) <a href=\"https:\/\/twitter.com\/ZonaRoja_Oaxaca\/status\/1625654229972000768?ref_src=twsrc%5Etfw\">15 de febrero de 2023<\/a><\/blockquote><\/div>\n<\/div><\/figure>\n","protected":false},"excerpt":{"rendered":"<p>Redacci\u00f3n\/Zona Roja. Oaxaca de Ju\u00e1rez, Oax., a 14 de febrero de 2023.- Autoridades del Registro&hellip;<\/p>\n","protected":false},"author":2,"featured_media":51670,"comment_status":"closed","ping_status":"open","sticky":false,"template":"","format":"standard","meta":{"_lmt_disableupdate":"","_lmt_disable":"","_jetpack_memberships_contains_paid_content":false,"footnotes":""},"categories":[109,47],"tags":[645],"class_list":["post-51669","post","type-post","status-publish","format-standard","has-post-thumbnail","hentry","category-minuto-a-minuto","category-zona-gris","tag-santa-maria-tonameca"],"jetpack_featured_media_url":"https:\/\/zonaroja.com.mx\/wp-content\/uploads\/2023\/02\/Comisariado-Santa-Maria-Tonameca.jpg","jetpack_sharing_enabled":true,"_links":{"self":[{"href":"https:\/\/zonaroja.com.mx\/index.php?rest_route=\/wp\/v2\/posts\/51669","targetHints":{"allow":["GET"]}}],"collection":[{"href":"https:\/\/zonaroja.com.mx\/index.php?rest_route=\/wp\/v2\/posts"}],"about":[{"href":"https:\/\/zonaroja.com.mx\/index.php?rest_route=\/wp\/v2\/types\/post"}],"author":[{"embeddable":true,"href":"https:\/\/zonaroja.com.mx\/index.php?rest_route=\/wp\/v2\/users\/2"}],"replies":[{"embeddable":true,"href":"https:\/\/zonaroja.com.mx\/index.php?rest_route=%2Fwp%2Fv2%2Fcomments&post=51669"}],"version-history":[{"count":1,"href":"https:\/\/zonaroja.com.mx\/index.php?rest_route=\/wp\/v2\/posts\/51669\/revisions"}],"predecessor-version":[{"id":51671,"href":"https:\/\/zonaroja.com.mx\/index.php?rest_route=\/wp\/v2\/posts\/51669\/revisions\/51671"}],"wp:featuredmedia":[{"embeddable":true,"href":"https:\/\/zonaroja.com.mx\/index.php?rest_route=\/wp\/v2\/media\/51670"}],"wp:attachment":[{"href":"https:\/\/zonaroja.com.mx\/index.php?rest_route=%2Fwp%2Fv2%2Fmedia&parent=51669"}],"wp:term":[{"taxonomy":"category","embeddable":true,"href":"https:\/\/zonaroja.com.mx\/index.php?rest_route=%2Fwp%2Fv2%2Fcategories&post=51669"},{"taxonomy":"post_tag","embeddable":true,"href":"https:\/\/zonaroja.com.mx\/index.php?rest_route=%2Fwp%2Fv2%2Ftags&post=51669"}],"curies":[{"name":"wp","href":"https:\/\/api.w.org\/{rel}","templated":true}]}}