{"id":51673,"date":"2023-02-15T15:04:00","date_gmt":"2023-02-15T21:04:00","guid":{"rendered":"http:\/\/www.zonaroja.com.mx\/?p=51673"},"modified":"2023-02-15T20:02:21","modified_gmt":"2023-02-16T02:02:21","slug":"opinion-autoritarios-contra-autoritarios","status":"publish","type":"post","link":"https:\/\/zonaroja.com.mx\/?p=51673","title":{"rendered":"Opini\u00f3n. Autoritarios contra autoritarios"},"content":{"rendered":"\n<p>Gibr\u00e1n Ram\u00edrez Reyes*<\/p>\n\n\n\n<p>En entrevistas que he realizado para un estudio sociol\u00f3gico en diversas entidades del pa\u00eds se aprecia una paradoja: las familias despolitizadas no dudan en decir que la sensaci\u00f3n de libertad era mucho mayor durante las d\u00e9cadas del autoritarismo priista que m\u00e1s repudian los liberales.&nbsp;<\/p>\n\n\n\n<p>Cosas como hacer turismo, pueblear por carretera, ir de cacer\u00eda o campamento, caminar por los cerros de nuestra complicada geograf\u00eda, experimentar en trabajos de diversa \u00edndole, emprender negocios, organizar fiestas y reuniones o hacer vida nocturna en las ciudades son todas actividades en las que se percibe actualmente mucha menos libertad. Eso, por supuesto, ten\u00eda l\u00edmites.&nbsp;<\/p>\n\n\n\n<p>No pod\u00eda hacerse pol\u00edtica real por fuera del PRI, la burocracia y los comisariados ejidales o comunales,&nbsp;no pod\u00edan publicarse f\u00e1cilmente ideas disidentes y menos f\u00e1cil era practicar un periodismo que fiscalizara seriamente al poder.<\/p>\n\n\n\n<p>Desde entonces hasta 2006, las libertades pol\u00edticas avanzaron mucho, sobre todo en los espacios urbanos. Nadie puede poner en duda que, a diferencia de esos tiempos, hoy se puede tocar al Presidente, a la Virgen de Guadalupe y al Ej\u00e9rcito en los medios de comunicaci\u00f3n sin pasar por censura previa, que hay mayores espacios para la disidencia pol\u00edtica y la oposici\u00f3n, que hay garant\u00edas a la pluralidad que no hab\u00eda entonces \u2014aunque el llamado plan B del gobierno las pone en riesgo\u2014 y que los procedimientos democr\u00e1ticos se institucionalizaron en espacios diferentes a los anteriores.&nbsp;<\/p>\n\n\n\n<p>Persisti\u00f3, sin embargo, el autoritarismo en todo el territorio nacional, fuertemente anclado en los \u00f3rdenes de gobierno estatal y municipal. Hoy desaparecen m\u00e1s personas que en el viejo autoritarismo, se asesina sistem\u00e1ticamente a periodistas y a pol\u00edticos locales, como ha documentado puntillosamente la consultora Etellekt. La libertad en M\u00e9xico est\u00e1 en declive desde el gobierno de Felipe Calder\u00f3n \u2014cuando pas\u00f3 de considerarse \u201clibre\u201d a \u201cparcialmente libre\u201d\u2014&nbsp;hasta hoy, seg\u00fan lo registra Freedom House.<\/p>\n\n\n\n<p>Si se mira lo que hay sin atender a las fantas\u00edas de nuestra clase pol\u00edtica, pasamos de un autoritarismo a otro, con caracter\u00edsticas muy diferentes y quiz\u00e1 incomparables.&nbsp;<\/p>\n\n\n\n<p>De tal manera, lo que tenemos ahora en el escenario pol\u00edtico es una disputa entre dos bandos del autoritarismo actual; ambos se reclaman democr\u00e1ticos y reprochan el autoritarismo del otro; ambos son al\u00e9rgicos a los espejos.&nbsp;<\/p>\n\n\n\n<p>Por un lado, se presentan los defensores de la ilusi\u00f3n de la transici\u00f3n a la democracia que, apostando a la memoria corta, no asumen su responsabilidad aun cuando ocuparon posiciones de primer nivel en procuradur\u00edas, secretar\u00edas de Estado o gubernaturas, con pr\u00e1cticas profundamente autoritarias.&nbsp;<\/p>\n\n\n\n<p>\u00bfCon qu\u00e9 autoridad, por ejemplo, se presenta Francisco Labastida como palad\u00edn antiautoritario el d\u00eda de hoy? Le creer\u00e1n, por supuesto, los que no conozcan Sinaloa y sus disputas por el territorio.&nbsp;<\/p>\n\n\n\n<p>Por otro lado, est\u00e1n los defensores de la ilusi\u00f3n impotente de la cuarta transformaci\u00f3n, que critican las cifras de homicidio del sexenio de Felipe Calder\u00f3n, pero enmudecen ante el crecimiento de la desaparici\u00f3n en nuestros d\u00edas, que critican la corrupci\u00f3n y la ineficiencia en la gesti\u00f3n de Pemex en el pasado, pero que callan ante contratos de aliados del entorno del Presidente que son 10 veces superiores a lo que signific\u00f3 el fraude de Oceanograf\u00eda, pero que no ocupan siquiera un d\u00e9cimo de la conversaci\u00f3n p\u00fablica de lo que ocuparon aquellos.<\/p>\n\n\n\n<p>*Doctor en ciencia pol\u00edtica por la UNAM.<\/p>\n\n\n\n<p>@GibranRR<\/p>\n","protected":false},"excerpt":{"rendered":"<p>Gibr\u00e1n Ram\u00edrez Reyes* En entrevistas que he realizado para un estudio sociol\u00f3gico en diversas entidades&hellip;<\/p>\n","protected":false},"author":2,"featured_media":41734,"comment_status":"closed","ping_status":"open","sticky":false,"template":"","format":"standard","meta":{"_lmt_disableupdate":"","_lmt_disable":"","_jetpack_memberships_contains_paid_content":false,"footnotes":""},"categories":[456,109],"tags":[2489],"class_list":["post-51673","post","type-post","status-publish","format-standard","has-post-thumbnail","hentry","category-columna","category-minuto-a-minuto","tag-gibran-ramirez-reyes"],"jetpack_featured_media_url":"https:\/\/zonaroja.com.mx\/wp-content\/uploads\/2022\/05\/Opinion-Gibran-Ramirez-Reyes.jpg","jetpack_sharing_enabled":true,"_links":{"self":[{"href":"https:\/\/zonaroja.com.mx\/index.php?rest_route=\/wp\/v2\/posts\/51673","targetHints":{"allow":["GET"]}}],"collection":[{"href":"https:\/\/zonaroja.com.mx\/index.php?rest_route=\/wp\/v2\/posts"}],"about":[{"href":"https:\/\/zonaroja.com.mx\/index.php?rest_route=\/wp\/v2\/types\/post"}],"author":[{"embeddable":true,"href":"https:\/\/zonaroja.com.mx\/index.php?rest_route=\/wp\/v2\/users\/2"}],"replies":[{"embeddable":true,"href":"https:\/\/zonaroja.com.mx\/index.php?rest_route=%2Fwp%2Fv2%2Fcomments&post=51673"}],"version-history":[{"count":1,"href":"https:\/\/zonaroja.com.mx\/index.php?rest_route=\/wp\/v2\/posts\/51673\/revisions"}],"predecessor-version":[{"id":51675,"href":"https:\/\/zonaroja.com.mx\/index.php?rest_route=\/wp\/v2\/posts\/51673\/revisions\/51675"}],"wp:featuredmedia":[{"embeddable":true,"href":"https:\/\/zonaroja.com.mx\/index.php?rest_route=\/wp\/v2\/media\/41734"}],"wp:attachment":[{"href":"https:\/\/zonaroja.com.mx\/index.php?rest_route=%2Fwp%2Fv2%2Fmedia&parent=51673"}],"wp:term":[{"taxonomy":"category","embeddable":true,"href":"https:\/\/zonaroja.com.mx\/index.php?rest_route=%2Fwp%2Fv2%2Fcategories&post=51673"},{"taxonomy":"post_tag","embeddable":true,"href":"https:\/\/zonaroja.com.mx\/index.php?rest_route=%2Fwp%2Fv2%2Ftags&post=51673"}],"curies":[{"name":"wp","href":"https:\/\/api.w.org\/{rel}","templated":true}]}}