{"id":51676,"date":"2023-02-15T10:46:00","date_gmt":"2023-02-15T16:46:00","guid":{"rendered":"http:\/\/www.zonaroja.com.mx\/?p=51676"},"modified":"2023-02-15T06:49:29","modified_gmt":"2023-02-15T12:49:29","slug":"afectados-por-terremotos-mas-de-7-1-millones-de-ninos-suma-40-mil-muertos","status":"publish","type":"post","link":"https:\/\/zonaroja.com.mx\/?p=51676","title":{"rendered":"Afectados por terremotos, m\u00e1s de 7.1 millones de ni\u00f1os; suma 40 mil muertos"},"content":{"rendered":"\n<p>Redacci\u00f3n\/Zona Roja Cdmx.<\/p>\n\n\n\n<p>Ciudad de M\u00e9xico, a 15 de febrero de 2023.- M\u00e1s de 7.1 millones de ni\u00f1os fueron afectados por el devastador terremoto que golpe\u00f3 a Turqu\u00eda y Siria el 6 de febrero, asegur\u00f3 ayer el Fondo de las Naciones Unidas para la Infancia (Unicef).<\/p>\n\n\n\n<p>En tanto, La ONU lanz\u00f3 un llamado a hacer donaciones para enfrentar las inmensas necesidades de millones de personas sin vivienda ni alimentos tras el terremoto que sembr\u00f3 destrucci\u00f3n en Turqu\u00eda y Siria y dej\u00f3 casi 40 mil muertos.<\/p>\n\n\n\n<p>En Turqu\u00eda, el n\u00famero total de ni\u00f1os que viven en las diez provincias sacudidas por el terremoto asciende a 4.6 millones. En Siria, hay 2.5 millones de ni\u00f1os afectados\u201d, dijo James Elder, portavoz del Unicef, en una rueda de prensa en Ginebra.<\/p>\n\n\n\n<p>La agencia internacional explic\u00f3 que teme que \u201cvarios miles\u201d de ni\u00f1os hayan muerto. Incluso sin cifras verificadas, est\u00e1 claro que los n\u00fameros seguir\u00e1n creciendo\u201d, agreg\u00f3 Elder.<\/p>\n\n\n\n<p>Seg\u00fan Unicef, decenas de miles de familias que viven a la intemperie tras el sismo est\u00e1n expuestas al fr\u00edo en un momento del a\u00f1o en el que las temperaturas son de cero grados cent\u00edgrados y son habituales las nevadas y las lluvias heladas.<\/p>\n\n\n\n<p>\u201cTodos los d\u00edas se informa de un n\u00famero cada vez mayor de ni\u00f1os que sufren hipotermia e infecciones respiratorias\u201d, afirm\u00f3 el portavoz.<\/p>\n\n\n\n<p>A m\u00e1s de una semana del terremoto de 7.4, las familias todav\u00eda duermen con sus hijos en la calle, o bien en centros comerciales, escuelas, mezquitas, estaciones de autobuses y bajo los puentes.<\/p>\n\n\n\n<p>En Turqu\u00eda, Unicef, en coordinaci\u00f3n con el ministerio de la Familia y los servicios sociales, despleg\u00f3 trabajadores sociales en los hospitales para ayudar a identificar a los ni\u00f1os que permanecen separados de sus familias.<\/p>\n\n\n\n<p>La agencia tambi\u00e9n trabaja para proporcionar apoyo psicosocial a los ni\u00f1os afectados.<\/p>\n\n\n\n<p>Por su parte, en Siria los menores de edad enfrentan todav\u00eda los estragos de la guerra civil y viven las consecuencias del dif\u00edcil acceso de rescatistas y ayuda humanitaria.<\/p>\n\n\n\n<p>Es decir, cada ni\u00f1o menor de 12 a\u00f1os s\u00f3lo ha vivido el conflicto, la violencia o el desplazamiento, afirm\u00f3. \u201cAlgunos menores han sido desplazados seis o siete veces\u201d, asegur\u00f3 el funcionario.<\/p>\n\n\n\n<p>CRECE TRAGEDIA<\/p>\n\n\n\n<p>Por su parte, el secretario general de la ONU, Antonio Guterres, exhort\u00f3 a los Estados miembros del organismo a aportar sin demora 397 millones de d\u00f3lares para asegurar \u00abuna ayuda humanitaria que necesitan desesperadamente casi cinco millones de sirios\u00bb, empezando por refugio, atenci\u00f3n m\u00e9dica y alimentos.<\/p>\n\n\n\n<p>El saldo de muertos era de 39 mil 106, de los cuales 35 mil 418 son en Turqu\u00eda y 3 mil 688 en Siria. La ONU anticip\u00f3 el domingo que tales cifras aumentar\u00edan fuertemente.<\/p>\n\n\n\n<p>\u00abEstamos asistiendo a la peor cat\u00e1strofe natural en la regi\u00f3n europea de la OMS en un siglo y a\u00fan estamos midiendo su magnitud\u00bb, declar\u00f3 un funcionario de la Organizaci\u00f3n Mundial de la Salud.<\/p>\n\n\n\n<p>(Informaci\u00f3n de agencias internacionales)<\/p>\n","protected":false},"excerpt":{"rendered":"<p>Redacci\u00f3n\/Zona Roja Cdmx. Ciudad de M\u00e9xico, a 15 de febrero de 2023.- M\u00e1s de 7.1&hellip;<\/p>\n","protected":false},"author":2,"featured_media":51677,"comment_status":"closed","ping_status":"open","sticky":false,"template":"","format":"standard","meta":{"_lmt_disableupdate":"","_lmt_disable":"","_jetpack_memberships_contains_paid_content":false,"footnotes":""},"categories":[109,47],"tags":[3426],"class_list":["post-51676","post","type-post","status-publish","format-standard","has-post-thumbnail","hentry","category-minuto-a-minuto","category-zona-gris","tag-terremoto-turquia"],"jetpack_featured_media_url":"https:\/\/zonaroja.com.mx\/wp-content\/uploads\/2023\/02\/Terremoto-Turquia-Siria-ninos.jpeg","jetpack_sharing_enabled":true,"_links":{"self":[{"href":"https:\/\/zonaroja.com.mx\/index.php?rest_route=\/wp\/v2\/posts\/51676","targetHints":{"allow":["GET"]}}],"collection":[{"href":"https:\/\/zonaroja.com.mx\/index.php?rest_route=\/wp\/v2\/posts"}],"about":[{"href":"https:\/\/zonaroja.com.mx\/index.php?rest_route=\/wp\/v2\/types\/post"}],"author":[{"embeddable":true,"href":"https:\/\/zonaroja.com.mx\/index.php?rest_route=\/wp\/v2\/users\/2"}],"replies":[{"embeddable":true,"href":"https:\/\/zonaroja.com.mx\/index.php?rest_route=%2Fwp%2Fv2%2Fcomments&post=51676"}],"version-history":[{"count":1,"href":"https:\/\/zonaroja.com.mx\/index.php?rest_route=\/wp\/v2\/posts\/51676\/revisions"}],"predecessor-version":[{"id":51678,"href":"https:\/\/zonaroja.com.mx\/index.php?rest_route=\/wp\/v2\/posts\/51676\/revisions\/51678"}],"wp:featuredmedia":[{"embeddable":true,"href":"https:\/\/zonaroja.com.mx\/index.php?rest_route=\/wp\/v2\/media\/51677"}],"wp:attachment":[{"href":"https:\/\/zonaroja.com.mx\/index.php?rest_route=%2Fwp%2Fv2%2Fmedia&parent=51676"}],"wp:term":[{"taxonomy":"category","embeddable":true,"href":"https:\/\/zonaroja.com.mx\/index.php?rest_route=%2Fwp%2Fv2%2Fcategories&post=51676"},{"taxonomy":"post_tag","embeddable":true,"href":"https:\/\/zonaroja.com.mx\/index.php?rest_route=%2Fwp%2Fv2%2Ftags&post=51676"}],"curies":[{"name":"wp","href":"https:\/\/api.w.org\/{rel}","templated":true}]}}