{"id":51679,"date":"2023-02-15T08:30:00","date_gmt":"2023-02-15T14:30:00","guid":{"rendered":"http:\/\/www.zonaroja.com.mx\/?p=51679"},"modified":"2023-02-15T07:02:49","modified_gmt":"2023-02-15T13:02:49","slug":"chocan-ebrard-y-ex-embajadora-en-eu-por-caso-de-migrantes","status":"publish","type":"post","link":"https:\/\/zonaroja.com.mx\/?p=51679","title":{"rendered":"Chocan Ebrard y ex embajadora en EU por caso de migrantes"},"content":{"rendered":"\n<p>Redacci\u00f3n\/Zona Roja Cdmx.<\/p>\n\n\n\n<p>Ciudad de M\u00e9xico, a 15 de febrero de 2023.- Las declaraciones de Mike Pompeo, ex Secretario de Estado en el gobierno de Donald Trump, respecto al canciller mexicano Marcelo Ebrard y el tratado \u201cQu\u00e9date en M\u00e9xico\u201d han vuelto a desatar controversia; esto luego que el pasado 9 de febrero Martha B\u00e1rcena, ex embajadora de M\u00e9xico en EU, confirmara que el secretario de Relaciones Exteriores (SRE) mantuvo en secreto el pol\u00e9mico trato.<\/p>\n\n\n\n<p>Sin embargo, durante la ma\u00f1anera del 14 de febrero, Ebrard Casaub\u00f3n demerit\u00f3 lo dicho por la diplom\u00e1tica al acusarla de guiarse por \u201cun rencor obsesivo\u201d para \u201ccalumniarlo en todos lados\u201d.&nbsp;<\/p>\n\n\n\n<p>Adem\u00e1s, acus\u00f3 que B\u00e1rcena hab\u00eda aceptado imponer el acuerdo del \u201cTercer Pa\u00eds Seguro\u201d, pese a la instrucci\u00f3n de \u201cno aceptar nada de eso\u201d ya que se buscar\u00eda un consenso a fin de evitar el amago de imponer aranceles en caso de rechazarlo.<\/p>\n\n\n\n<p>Minutos despu\u00e9s de dicha declaraci\u00f3n, la tambi\u00e9n ex embajadora de M\u00e9xico en Turqu\u00eda desminti\u00f3 al canciller y afirm\u00f3 que ella fue quien par\u00f3 la negociaci\u00f3n del acuerdo en el Departamento de Estado. Esto, luego de negar que lo expresado en entrevista con Le\u00f3n Krauze estuviera movido por el rencor.<\/p>\n\n\n\n<p>\u201cNi calumnia, ni rencor, ni ingratitud. Mentiras de nuevo respecto al acuerdo de \u00b4Tercer Pa\u00eds seguro\u00b4. Miente Marcelo Ebrard. Sabe que yo par\u00e9 la negociaci\u00f3n del acuerdo en el Departamento de Estado\u201d.<\/p>\n\n\n\n<p>En una entrevista con Krauze para Univisi\u00f3n, B\u00e1rcena confes\u00f3 que el ahora aspirante a la Presidencia de la Rep\u00fablica \u201cla enga\u00f1\u00f3\u201d al no informarle que hab\u00eda acordado la implementaci\u00f3n del \u201cQu\u00e9date en M\u00e9xico\u201d con Pompeo y la entonces Secretaria de Seguridad Nacional de EU, Kirstjen Nielsen.<\/p>\n\n\n\n<p>No obstante, Marcelo Ebrard aclar\u00f3 desde Palacio Nacional que no s\u00f3lo la diplom\u00e1tica habr\u00eda desacatado la instrucci\u00f3n de no aceptar la imposici\u00f3n del tratado del \u201cTercer Pa\u00eds Seguro\u201d, sino que tambi\u00e9n lo habr\u00eda condicionado para implementarlo \u201csiempre y cuando fuera como en Turqu\u00eda\u201d \u2014 es decir, que se pagara a M\u00e9xico para aceptar el acuerdo. De ah\u00ed que el canciller la reprob\u00f3 por \u201csu ingratitud con el Gobierno de M\u00e9xico\u201d.<\/p>\n\n\n\n<p>\u201cNunca le tuve confianza por eso. Y que bueno que no la tuve porque ve lo que est\u00e1 diciendo ahorita. Y la ingratitud con el gobierno que la nombr\u00f3 Embajadora en Washington, que es la m\u00e1s importante en M\u00e9xico\u201d.<\/p>\n\n\n\n<p>Respecto a esto \u00faltimo, B\u00e1rcena Coqui mencion\u00f3 que en su ejercicio como la representante de M\u00e9xico en la naci\u00f3n vecina \u201ccumpli\u00f3 con honor y con la verdad\u201d. A ello, rechaz\u00f3 la supuesta cl\u00e1usula relacionada a Turqu\u00eda y reiter\u00f3 que \u201csiempre se opuso\u201d al tratado.<\/p>\n\n\n\n<p>\u201cSiempre estar\u00e9 agradecida con el presidente L\u00f3pez Obrador por la confianza al nombrarme embajadora ante el gobierno de EU. (&#8230;) Justamente porque fui embajadora ante Turqu\u00eda siempre me opuse al acuerdo del \u2018Tercer Pa\u00eds Seguro\u2019\u201d, asever\u00f3 en dos tweets diferentes.<\/p>\n\n\n\n<p>\u201cComo dice el presidente, no es falta de respeto, ni rijoso decir la verdad. Y yo dije la verdad respecto a \u2018Qu\u00e9date en M\u00e9xico\u2019\u201d, ataj\u00f3.<\/p>\n\n\n\n<p>De acuerdo con el Gobierno Mexicano, el plan \u201cQu\u00e9date en M\u00e9xico\u201d, impulsado durante la administraci\u00f3n de Trump, planteaba que migrantes que lleguen a la frontera sur de EU a pedir asilo tendr\u00edan que esperar primero en M\u00e9xico a ser recibidas por las autoridades para pasar una entrevista de temores fundados.<\/p>\n\n\n\n<p>(Informaci\u00f3n de Infobae M\u00e9xico)<\/p>\n","protected":false},"excerpt":{"rendered":"<p>Redacci\u00f3n\/Zona Roja Cdmx. Ciudad de M\u00e9xico, a 15 de febrero de 2023.- Las declaraciones de&hellip;<\/p>\n","protected":false},"author":2,"featured_media":51680,"comment_status":"closed","ping_status":"open","sticky":false,"template":"","format":"standard","meta":{"_lmt_disableupdate":"","_lmt_disable":"","_jetpack_memberships_contains_paid_content":false,"footnotes":""},"categories":[109,47],"tags":[889],"class_list":["post-51679","post","type-post","status-publish","format-standard","has-post-thumbnail","hentry","category-minuto-a-minuto","category-zona-gris","tag-marcelo-ebrard"],"jetpack_featured_media_url":"https:\/\/zonaroja.com.mx\/wp-content\/uploads\/2023\/02\/Marcelo-Ebrard-Martha-Barcenas.jpeg","jetpack_sharing_enabled":true,"_links":{"self":[{"href":"https:\/\/zonaroja.com.mx\/index.php?rest_route=\/wp\/v2\/posts\/51679","targetHints":{"allow":["GET"]}}],"collection":[{"href":"https:\/\/zonaroja.com.mx\/index.php?rest_route=\/wp\/v2\/posts"}],"about":[{"href":"https:\/\/zonaroja.com.mx\/index.php?rest_route=\/wp\/v2\/types\/post"}],"author":[{"embeddable":true,"href":"https:\/\/zonaroja.com.mx\/index.php?rest_route=\/wp\/v2\/users\/2"}],"replies":[{"embeddable":true,"href":"https:\/\/zonaroja.com.mx\/index.php?rest_route=%2Fwp%2Fv2%2Fcomments&post=51679"}],"version-history":[{"count":1,"href":"https:\/\/zonaroja.com.mx\/index.php?rest_route=\/wp\/v2\/posts\/51679\/revisions"}],"predecessor-version":[{"id":51681,"href":"https:\/\/zonaroja.com.mx\/index.php?rest_route=\/wp\/v2\/posts\/51679\/revisions\/51681"}],"wp:featuredmedia":[{"embeddable":true,"href":"https:\/\/zonaroja.com.mx\/index.php?rest_route=\/wp\/v2\/media\/51680"}],"wp:attachment":[{"href":"https:\/\/zonaroja.com.mx\/index.php?rest_route=%2Fwp%2Fv2%2Fmedia&parent=51679"}],"wp:term":[{"taxonomy":"category","embeddable":true,"href":"https:\/\/zonaroja.com.mx\/index.php?rest_route=%2Fwp%2Fv2%2Fcategories&post=51679"},{"taxonomy":"post_tag","embeddable":true,"href":"https:\/\/zonaroja.com.mx\/index.php?rest_route=%2Fwp%2Fv2%2Ftags&post=51679"}],"curies":[{"name":"wp","href":"https:\/\/api.w.org\/{rel}","templated":true}]}}