{"id":5168,"date":"2019-10-26T22:09:43","date_gmt":"2019-10-27T03:09:43","guid":{"rendered":"http:\/\/www.zonaroja.com.mx\/?p=5168"},"modified":"2019-10-26T22:09:46","modified_gmt":"2019-10-27T03:09:46","slug":"marchan-en-jalapa-de-diaz-para-exigir-liberacion-de-su-presidente-municipal","status":"publish","type":"post","link":"https:\/\/zonaroja.com.mx\/?p=5168","title":{"rendered":"Marchan en Jalapa de D\u00edaz para exigir liberaci\u00f3n de su presidente municipal"},"content":{"rendered":"\n<p>Redacci\u00f3n\/Zona Roja.<\/p>\n\n\n\n<p>Oaxaca de Ju\u00e1rez, Oax., 26 de octubre de\n2019.- \u201cExigimos la libertad inmediata del presidente municipal Arturo Garc\u00eda\nVel\u00e1squez, o de lo contrario el pueblo actuar\u00e1 de manera contundente hasta\nllegar a las \u00faltimas consecuencias\u201d.<\/p>\n\n\n\n<p>As\u00ed se manifestaron la tarde de este\ns\u00e1bado cientos de pobladores en San Felipe Jalapa de D\u00edaz, para exigir la\nliberaci\u00f3n del edil, detenido el jueves 24 de octubre durante un cateo realizado\npor diversas corporaciones policiacas, y en que fueron aprehendidas adem\u00e1s\notras nueve personas.<\/p>\n\n\n\n<p>En el parque principal se congregaron\nlos manifestantes, quienes acordaron nuevas acciones de protesta y tambi\u00e9n\npedir la solidaridad y apoyo de autoridades municipales de la zona mazateca y\nchinanteca de la Cuenca, a fin de demandar la libertad del mun\u00edcipe, surgido\ndel Partido Morena.<\/p>\n\n\n\n<p>De acuerdo con la Fiscal\u00eda General del Estado, la aprehensi\u00f3n se efectu\u00f3 el pasado jueves con base a la causa penal 219\/2019, por la cual se realizaron al menos seis cateos en dicho municipio.<\/p>\n\n\n\n<figure class=\"wp-block-image\"><img decoding=\"async\" width=\"720\" height=\"960\" src=\"http:\/\/www.zonaroja.com.mx\/wp-content\/uploads\/2019\/10\/Jalapa-de-D\u00edaz-4-1.jpg\" alt=\"\" class=\"wp-image-5169\" srcset=\"https:\/\/zonaroja.com.mx\/wp-content\/uploads\/2019\/10\/Jalapa-de-D\u00edaz-4-1.jpg 720w, https:\/\/zonaroja.com.mx\/wp-content\/uploads\/2019\/10\/Jalapa-de-D\u00edaz-4-1-225x300.jpg 225w, https:\/\/zonaroja.com.mx\/wp-content\/uploads\/2019\/10\/Jalapa-de-D\u00edaz-4-1-585x780.jpg 585w\" sizes=\"(max-width: 720px) 100vw, 720px\" \/><\/figure>\n\n\n\n<p>Lo anterior por el delito de\ndesaparici\u00f3n cometido por particulares, en agravio de R. T. F.<\/p>\n\n\n\n<p>\u201cComo resultado de este operativo, se\naseguraron 1 pistola marca Glock, calibre .9 mm, con 2 cargadores; 1 Pistola\nmarca Beretta, calibre .9 mm, con 1 cargador; 1 Pistola marca Smith &amp;\nWesson, calibre .380, con 1 cargador; 1 pistola marca Taurus, calibre .380, con\n2 cargadores.<\/p>\n\n\n\n<p>\u201cAdem\u00e1s, se aseguraron 1 rifle marca\nManchester, calibre .30; 1 rifle de neum\u00e1tico, calibre .22; 55 cartuchos\ncalibre .9 mm; 30 cartuchos calibre .380; 221 cartuchos calibre .38 s\u00faper; 150\ncartuchos calibre .22; 248 cartuchos calibre 5.56; 96 cartuchos calibre .30;\n127 cartuchos escopeta calibre .12; 26 cartuchos escopeta calibre .16; 75\ncartuchos escopeta calibre .20, sumando un total de 1028 cartuchos \u00fatiles.<\/p>\n\n\n\n<p>\u201cAsimismo, se efectu\u00f3 la detenci\u00f3n del\nedil de San Felipe Jalapa de D\u00edaz, A. G. V., del Primer Comandante de la\nPolic\u00eda Municipal, B. F. F., del Segundo Comandante de la Polic\u00eda Municipal, L.\nC. A., as\u00ed como de O. C. T., M. C. T., B. F. F., V. A. S. M., J. O. S. A., A.\nT. C., y de I. E. P.<\/p>\n\n\n\n<p>\u201cCabe se\u00f1alar que L. C. A., y B. F. F.,\nfueron detenidos en flagrancia y les fueron aseguradas 1 pistola marca\nBrowning, calibre .9 mm y 1 arma larga, marca Colt, AR-15, calibre .223\nrespectivamente\u201d.<\/p>\n\n\n\n<p>Hasta el momento no se han dado a\nconocer mayores detalles de la situaci\u00f3n jur\u00eddica de las 10 personas detenidas,\nincluyendo el edil.<\/p>\n","protected":false},"excerpt":{"rendered":"<p>Redacci\u00f3n\/Zona Roja. Oaxaca de Ju\u00e1rez, Oax., 26 de octubre de 2019.- \u201cExigimos la libertad inmediata&hellip;<\/p>\n","protected":false},"author":2,"featured_media":5170,"comment_status":"closed","ping_status":"open","sticky":false,"template":"","format":"standard","meta":{"_lmt_disableupdate":"","_lmt_disable":"","_jetpack_memberships_contains_paid_content":false,"footnotes":""},"categories":[109,51],"tags":[923,580],"class_list":["post-5168","post","type-post","status-publish","format-standard","has-post-thumbnail","hentry","category-minuto-a-minuto","category-zona-roja","tag-arturo-garcia-vasquez","tag-san-felipe-jalapa-de-diaz"],"jetpack_featured_media_url":"https:\/\/zonaroja.com.mx\/wp-content\/uploads\/2019\/10\/Jalapa-de-D\u00edaz-2.jpg","jetpack_sharing_enabled":true,"_links":{"self":[{"href":"https:\/\/zonaroja.com.mx\/index.php?rest_route=\/wp\/v2\/posts\/5168","targetHints":{"allow":["GET"]}}],"collection":[{"href":"https:\/\/zonaroja.com.mx\/index.php?rest_route=\/wp\/v2\/posts"}],"about":[{"href":"https:\/\/zonaroja.com.mx\/index.php?rest_route=\/wp\/v2\/types\/post"}],"author":[{"embeddable":true,"href":"https:\/\/zonaroja.com.mx\/index.php?rest_route=\/wp\/v2\/users\/2"}],"replies":[{"embeddable":true,"href":"https:\/\/zonaroja.com.mx\/index.php?rest_route=%2Fwp%2Fv2%2Fcomments&post=5168"}],"version-history":[{"count":1,"href":"https:\/\/zonaroja.com.mx\/index.php?rest_route=\/wp\/v2\/posts\/5168\/revisions"}],"predecessor-version":[{"id":5171,"href":"https:\/\/zonaroja.com.mx\/index.php?rest_route=\/wp\/v2\/posts\/5168\/revisions\/5171"}],"wp:featuredmedia":[{"embeddable":true,"href":"https:\/\/zonaroja.com.mx\/index.php?rest_route=\/wp\/v2\/media\/5170"}],"wp:attachment":[{"href":"https:\/\/zonaroja.com.mx\/index.php?rest_route=%2Fwp%2Fv2%2Fmedia&parent=5168"}],"wp:term":[{"taxonomy":"category","embeddable":true,"href":"https:\/\/zonaroja.com.mx\/index.php?rest_route=%2Fwp%2Fv2%2Fcategories&post=5168"},{"taxonomy":"post_tag","embeddable":true,"href":"https:\/\/zonaroja.com.mx\/index.php?rest_route=%2Fwp%2Fv2%2Ftags&post=5168"}],"curies":[{"name":"wp","href":"https:\/\/api.w.org\/{rel}","templated":true}]}}