{"id":51682,"date":"2023-02-15T08:30:00","date_gmt":"2023-02-15T14:30:00","guid":{"rendered":"http:\/\/www.zonaroja.com.mx\/?p=51682"},"modified":"2023-02-15T07:07:20","modified_gmt":"2023-02-15T13:07:20","slug":"reino-unido-mantiene-exigencia-de-justicia-por-caso-claudia-uruchurtu","status":"publish","type":"post","link":"https:\/\/zonaroja.com.mx\/?p=51682","title":{"rendered":"Reino Unido mantiene exigencia de justicia por caso Claudia Uruchurtu"},"content":{"rendered":"\n<p>Redacci\u00f3n\/Zona Roja Cdmx.<\/p>\n\n\n\n<p>Ciudad de M\u00e9xico, a 15 de febrero de 2023.- El proceso judicial contra la ex presidenta municipal de Asunci\u00f3n Nochixtl\u00e1n, Oaxaca, Lizbeth Huerta, se\u00f1alada por la desaparici\u00f3n forzada de la activista Claudia Uruchurtu Cruz, \u201cno es un caso juzgado todav\u00eda, no est\u00e1 terminado el proceso\u201d, puntualiz\u00f3 ayer el presidente Andr\u00e9s Manuel L\u00f3pez Obrador.<\/p>\n\n\n\n<p>Luego de que en diciembre pasado la jueza de control Mar\u00eda Teresa Quevedo S\u00e1nchez reconfigur\u00f3 el delito de desaparici\u00f3n forzada del que se acusaba a la ex edil, con lo cual le redujo la sentencia a cuatro a\u00f1os y dos meses de prisi\u00f3n por obstrucci\u00f3n de b\u00fasqueda, en lugar de establecer una de entre 40 y 60 a\u00f1os de c\u00e1rcel, el mandatario apunt\u00f3 que \u201cseguramente ya debe de estar impugnada\u201d la resoluci\u00f3n.<\/p>\n\n\n\n<p>Abordado al respecto ayer en la conferencia de prensa matutina, ante las peticiones de justicia de los familiares de Claudia Uruchurtu, desaparecida en marzo de 2021 despu\u00e9s de participar en una protesta en el z\u00f3calo de Nochixtl\u00e1n, donde acus\u00f3 al entonces gobierno municipal de malos manejos de recursos, el Ejecutivo federal sostuvo que su administraci\u00f3n ha estado pendiente del caso.<\/p>\n\n\n\n<p>\u201cHay organizaciones de derechos humanos que est\u00e1n pendientes de este asunto. Por nuestra parte, el secretario de Gobernaci\u00f3n (Ad\u00e1n Augusto L\u00f3pez Hern\u00e1ndez) ha estado muy pendiente y lo va a seguir estando\u201d, se\u00f1al\u00f3 a la vez que dej\u00f3 en claro que \u201cno puede haber impunidad\u201d en este caso, al cual se refiri\u00f3 como violaci\u00f3n a los derechos humanos que ha conmovido a la poblaci\u00f3n.<\/p>\n\n\n\n<p>Adem\u00e1s, relat\u00f3 que en una llamada, Jeremy Corbyn, ex l\u00edder del Partido Laborista del Reino Unido, le solicit\u00f3 tambi\u00e9n estar atento para que no haya impunidad, por tratarse de una activista mexicana-brit\u00e1nica.<\/p>\n\n\n\n<p>Contrario a la sanci\u00f3n dictada contra Huerta, a las otras tres personas detenidas se\u00f1aladas como autores materiales y copart\u00edcipes de la desaparici\u00f3n, la juzgadora les impuso penas de 40 y 60 a\u00f1os de prisi\u00f3n, en tanto que la activista no ha sido localizada.<\/p>\n\n\n\n<p>(Informaci\u00f3n de \u201cLa Jornada\u201d)<\/p>\n","protected":false},"excerpt":{"rendered":"<p>Redacci\u00f3n\/Zona Roja Cdmx. Ciudad de M\u00e9xico, a 15 de febrero de 2023.- El proceso judicial&hellip;<\/p>\n","protected":false},"author":2,"featured_media":26000,"comment_status":"closed","ping_status":"open","sticky":false,"template":"","format":"standard","meta":{"_lmt_disableupdate":"","_lmt_disable":"","_jetpack_memberships_contains_paid_content":false,"footnotes":""},"categories":[109,47],"tags":[2582],"class_list":["post-51682","post","type-post","status-publish","format-standard","has-post-thumbnail","hentry","category-minuto-a-minuto","category-zona-gris","tag-claudia-uruchurtu-cruz"],"jetpack_featured_media_url":"https:\/\/zonaroja.com.mx\/wp-content\/uploads\/2021\/04\/Claudia-Uruchurtu-C..jpg","jetpack_sharing_enabled":true,"_links":{"self":[{"href":"https:\/\/zonaroja.com.mx\/index.php?rest_route=\/wp\/v2\/posts\/51682","targetHints":{"allow":["GET"]}}],"collection":[{"href":"https:\/\/zonaroja.com.mx\/index.php?rest_route=\/wp\/v2\/posts"}],"about":[{"href":"https:\/\/zonaroja.com.mx\/index.php?rest_route=\/wp\/v2\/types\/post"}],"author":[{"embeddable":true,"href":"https:\/\/zonaroja.com.mx\/index.php?rest_route=\/wp\/v2\/users\/2"}],"replies":[{"embeddable":true,"href":"https:\/\/zonaroja.com.mx\/index.php?rest_route=%2Fwp%2Fv2%2Fcomments&post=51682"}],"version-history":[{"count":1,"href":"https:\/\/zonaroja.com.mx\/index.php?rest_route=\/wp\/v2\/posts\/51682\/revisions"}],"predecessor-version":[{"id":51683,"href":"https:\/\/zonaroja.com.mx\/index.php?rest_route=\/wp\/v2\/posts\/51682\/revisions\/51683"}],"wp:featuredmedia":[{"embeddable":true,"href":"https:\/\/zonaroja.com.mx\/index.php?rest_route=\/wp\/v2\/media\/26000"}],"wp:attachment":[{"href":"https:\/\/zonaroja.com.mx\/index.php?rest_route=%2Fwp%2Fv2%2Fmedia&parent=51682"}],"wp:term":[{"taxonomy":"category","embeddable":true,"href":"https:\/\/zonaroja.com.mx\/index.php?rest_route=%2Fwp%2Fv2%2Fcategories&post=51682"},{"taxonomy":"post_tag","embeddable":true,"href":"https:\/\/zonaroja.com.mx\/index.php?rest_route=%2Fwp%2Fv2%2Ftags&post=51682"}],"curies":[{"name":"wp","href":"https:\/\/api.w.org\/{rel}","templated":true}]}}