{"id":51684,"date":"2023-02-15T07:30:07","date_gmt":"2023-02-15T13:30:07","guid":{"rendered":"http:\/\/www.zonaroja.com.mx\/?p=51684"},"modified":"2023-02-15T07:30:14","modified_gmt":"2023-02-15T13:30:14","slug":"disminuyen-delitos-en-santa-lucia-del-camino-con-policias-mejor-capacitados-y-equipados","status":"publish","type":"post","link":"https:\/\/zonaroja.com.mx\/?p=51684","title":{"rendered":"Disminuyen delitos en Santa Luc\u00eda del Camino con polic\u00edas mejor capacitados y equipados"},"content":{"rendered":"\n<p>Redacci\u00f3n\/Zona Roja.<\/p>\n\n\n\n<p>Oaxaca de Ju\u00e1rez, Oax., a 15 de febrero de 2023.- Desde el inicio de su administraci\u00f3n, el presidente municipal de Santa Luc\u00eda del Camino, Juan Carlos Garc\u00eda M\u00e1rquez, ten\u00eda claro que para darle a la ciudadan\u00eda los resultados que se esperan en materia de seguridad, habr\u00eda que contar con un personal humano mejor capacitado y con el equipamiento correcto para el cumplimiento de su deber.<\/p>\n\n\n\n<p>Es por ello que nuevamente, hizo entrega de m\u00e1s equipo a las y los polic\u00edas del municipio, en esta ocasi\u00f3n, fue armamento y municiones, as\u00ed como la Clave \u00danica de Identificaci\u00f3n Permanente (CUIP) para las y los elementos que prestan su servicio para que Santa Luc\u00eda siga avanzando para que las familias vivan en paz y obtengan el bienestar que tanto han venido anhelando.<\/p>\n\n\n\n<p>Estas acciones, dijo el presidente municipal Juan Carlos Garc\u00eda M\u00e1rquez, reforzar\u00e1n lo que se ha venido trabajando en el municipio en materia de seguridad, una estrategia que ha requerido una fuerte inversi\u00f3n, pero que ha sido necesaria para tener todo un equipo t\u00e1ctico y humano, detr\u00e1s del Centro Control y Comando (C2), el C4 y el reci\u00e9n inaugurado Arco de Seguridad \u201cNorte I\u201d, que desde el primer d\u00eda han dado resultados a la ciudadan\u00eda.<\/p>\n\n\n\n<p>Igualmente, las y los polic\u00edas se siguen capacitando en perspectiva de g\u00e9nero y Derechos Humanos, y se espera que pronto, la Polic\u00eda Municipal de Santa Luc\u00eda del Camino obtenga el Certificado \u00danico Policial que otorga la Secretar\u00eda de Seguridad y Protecci\u00f3n Ciudadana de Oaxaca (SSPC), que dar\u00e1 certeza al trabajo que realizan diariamente las y los elementos para velar por el bienestar de las familias.<\/p>\n\n\n\n<p>En el acto de entrega efectuado ayer en la explanada municipal, estuvo presente la titular del Secretariado Ejecutivo del Sistema Estatal de Seguridad P\u00fablica, Karina Bar\u00f3n Ortiz &#8211;quien reconoci\u00f3 la labor del edil&#8211;, as\u00ed como integrantes del Cabildo de Santa Luc\u00eda del Camino.<\/p>\n\n\n\n<figure class=\"wp-block-embed is-type-rich is-provider-twitter wp-block-embed-twitter\"><div class=\"wp-block-embed__wrapper\">\n<div class=\"twitter-tweet\"><blockquote class=\"twitter-tweet\" data-lang=\"es\"><p lang=\"es\" dir=\"ltr\">En el acto efectuado en Santa Luc\u00eda del Camino, la titular del <a href=\"https:\/\/twitter.com\/SESESP_GobOax?ref_src=twsrc%5Etfw\">@SESESP_GobOax<\/a>, <a href=\"https:\/\/twitter.com\/KarinaBaronO?ref_src=twsrc%5Etfw\">@KarinaBaronO<\/a>, anunci\u00f3 m\u00e1s acciones de capacitaci\u00f3n y profesionalizaci\u00f3n de polic\u00edas en el estado. <br>Reconoci\u00f3 al edil <a href=\"https:\/\/twitter.com\/JC_GMarquez?ref_src=twsrc%5Etfw\">@JC_GMarquez<\/a> por apostar por la seguridad de la poblaci\u00f3n. <a href=\"https:\/\/t.co\/wlZS5nHrRp\">pic.twitter.com\/wlZS5nHrRp<\/a><\/p>&mdash; Zona Roja Oaxaca (@ZonaRoja_Oaxaca) <a href=\"https:\/\/twitter.com\/ZonaRoja_Oaxaca\/status\/1625680089219485696?ref_src=twsrc%5Etfw\">15 de febrero de 2023<\/a><\/blockquote><\/div>\n<\/div><\/figure>\n","protected":false},"excerpt":{"rendered":"<p>Redacci\u00f3n\/Zona Roja. Oaxaca de Ju\u00e1rez, Oax., a 15 de febrero de 2023.- Desde el inicio&hellip;<\/p>\n","protected":false},"author":2,"featured_media":51685,"comment_status":"closed","ping_status":"open","sticky":false,"template":"","format":"standard","meta":{"_lmt_disableupdate":"","_lmt_disable":"","_jetpack_memberships_contains_paid_content":false,"footnotes":""},"categories":[109,46],"tags":[2533,337],"class_list":["post-51684","post","type-post","status-publish","format-standard","has-post-thumbnail","hentry","category-minuto-a-minuto","category-zona-blanca","tag-juan-carlos-garcia-marquez","tag-santa-lucia-del-camino"],"jetpack_featured_media_url":"https:\/\/zonaroja.com.mx\/wp-content\/uploads\/2023\/02\/Santa-Lucia-del-Camino-entrga-armas.jpg","jetpack_sharing_enabled":true,"_links":{"self":[{"href":"https:\/\/zonaroja.com.mx\/index.php?rest_route=\/wp\/v2\/posts\/51684","targetHints":{"allow":["GET"]}}],"collection":[{"href":"https:\/\/zonaroja.com.mx\/index.php?rest_route=\/wp\/v2\/posts"}],"about":[{"href":"https:\/\/zonaroja.com.mx\/index.php?rest_route=\/wp\/v2\/types\/post"}],"author":[{"embeddable":true,"href":"https:\/\/zonaroja.com.mx\/index.php?rest_route=\/wp\/v2\/users\/2"}],"replies":[{"embeddable":true,"href":"https:\/\/zonaroja.com.mx\/index.php?rest_route=%2Fwp%2Fv2%2Fcomments&post=51684"}],"version-history":[{"count":1,"href":"https:\/\/zonaroja.com.mx\/index.php?rest_route=\/wp\/v2\/posts\/51684\/revisions"}],"predecessor-version":[{"id":51686,"href":"https:\/\/zonaroja.com.mx\/index.php?rest_route=\/wp\/v2\/posts\/51684\/revisions\/51686"}],"wp:featuredmedia":[{"embeddable":true,"href":"https:\/\/zonaroja.com.mx\/index.php?rest_route=\/wp\/v2\/media\/51685"}],"wp:attachment":[{"href":"https:\/\/zonaroja.com.mx\/index.php?rest_route=%2Fwp%2Fv2%2Fmedia&parent=51684"}],"wp:term":[{"taxonomy":"category","embeddable":true,"href":"https:\/\/zonaroja.com.mx\/index.php?rest_route=%2Fwp%2Fv2%2Fcategories&post=51684"},{"taxonomy":"post_tag","embeddable":true,"href":"https:\/\/zonaroja.com.mx\/index.php?rest_route=%2Fwp%2Fv2%2Ftags&post=51684"}],"curies":[{"name":"wp","href":"https:\/\/api.w.org\/{rel}","templated":true}]}}