{"id":51687,"date":"2023-02-15T11:30:00","date_gmt":"2023-02-15T17:30:00","guid":{"rendered":"http:\/\/www.zonaroja.com.mx\/?p=51687"},"modified":"2023-02-15T20:02:54","modified_gmt":"2023-02-16T02:02:54","slug":"el-musico-y-autor-ahora-funcionario-al-que-no-le-acongoja-repartir-botes-de-agua","status":"publish","type":"post","link":"https:\/\/zonaroja.com.mx\/?p=51687","title":{"rendered":"El m\u00fasico y autor, ahora funcionario, al que no le acongoja repartir botes de agua"},"content":{"rendered":"\n<p>Yuridiana Sosa\/Zona Roja.<\/p>\n\n\n\n<p>Oaxaca de Ju\u00e1rez, Oax., a 15 de febrero de 2023.- Ni tiene pena ni le acongoja hasta pasar las botellas de agua para sus invitados, con tal de que la burocracia se reactive y d\u00e9 resultados. O limpiar su escritorio, o recoger la basura.<\/p>\n\n\n\n<p>El pasado domingo, Nathanael Lorenzo Hern\u00e1ndez estuvo por casi dos horas pendiente del concierto de Patricia Alcaraz \u2014que cant\u00f3 una de las composiciones del m\u00fasico\u2014 y hasta pas\u00f3 las botellas de agua a los integrantes de la banda de Ocotl\u00e1n de Morelos.<\/p>\n\n\n\n<p>Desde la direcci\u00f3n de Promoci\u00f3n Art\u00edstica y Cultural de la Secretar\u00eda de las Culturas del Gobierno de Oaxaca, el artista independiente originario de Nejapa de Madero enfrenta unos de sus mayores retos, el cual implica no fallar a las comunidades y artistas.<\/p>\n\n\n\n<p>\u201cEs un reto, muchos retos, es una nueva etapa para mi carrera, porque yo no soy pol\u00edtico\u201d, afirma el director en entrevista.<br>El nuevo funcionario -su primer puesto en la administraci\u00f3n p\u00fablica- reconoce que al estar ahora detr\u00e1s del escritorio tiene la posibilidad de que cambien las cosas y la capacidad para que el orden de las situaciones se muevan a beneficio de los artistas oaxaque\u00f1os.<\/p>\n\n\n\n<p>A poco m\u00e1s de un mes de su llegada a esta direcci\u00f3n, la m\u00e1s grande de la Seculta encabezada por V\u00edctor V\u00e1squez, refiere que sigue en la etapa de an\u00e1lisis, de realizar una radiograf\u00eda cada una de las siete instituciones que tiene a su cargo, proceso en el que ha avanzado en tres de ellas, desde el \u00e1mbito administrativo, contable, capacidades y lo que se debe sanear.<br><\/p>\n\n\n\n<p>unto con el secretario, dice, coincide en que la cultura debe dejar de ser elitista, y est\u00e1n empe\u00f1ados en descentralizar a la cultura en Oaxaca, que tanto la poblaci\u00f3n de los pueblos originarios y lugares alejados tengan las mismas posibilidades de recibir y disfrutar de los espacios culturales a los que vive la poblaci\u00f3n en la ciudad.<\/p>\n\n\n\n<p>POL\u00cdTICAS FUNCIONALES<\/p>\n\n\n\n<p>Ante eso, agrega, trabajan en construir un esquema de pol\u00edticas p\u00fablicas funcionales, \u201cyo asumo esta direcci\u00f3n con el compromiso de ser un funcionario funcional, porque ya he estado del otro lado\u201d.<\/p>\n\n\n\n<p>Para que las metas y proyectos se concreten deber\u00e1 ser muy sincero y leal, pues no todo se podr\u00e1 llevar a cabo como deseen los dem\u00e1s, y es ah\u00ed donde el prometer lo imposible cambia el sentido.<\/p>\n\n\n\n<figure class=\"wp-block-embed is-type-rich is-provider-twitter wp-block-embed-twitter\"><div class=\"wp-block-embed__wrapper\">\n<div class=\"twitter-tweet\"><blockquote class=\"twitter-tweet\" data-lang=\"es\"><p lang=\"es\" dir=\"ltr\">\u201cEs un reto, muchos retos, es una nueva etapa para mi carrera, porque yo no soy pol\u00edtico\u201d.\u00a0<br>Habla Nathanael Lorenzo Hern\u00e1ndez, director de Promoci\u00f3n Art\u00edstica y Cultural de la <a href=\"https:\/\/twitter.com\/SECULTA_GobOax?ref_src=twsrc%5Etfw\">@SECULTA_GobOax<\/a>.<br>\u00bfY qu\u00e9 planes de trabajo tiene? \u00bfC\u00f3mo enfrentar\u00e1 la burocracia? Escuche la entrevista: <a href=\"https:\/\/t.co\/nGTvQ0G7y2\">pic.twitter.com\/nGTvQ0G7y2<\/a><\/p>&mdash; Zona Roja Oaxaca (@ZonaRoja_Oaxaca) <a href=\"https:\/\/twitter.com\/ZonaRoja_Oaxaca\/status\/1624465381694873601?ref_src=twsrc%5Etfw\">11 de febrero de 2023<\/a><\/blockquote><\/div>\n<\/div><\/figure>\n\n\n\n<p>Por lo que desde su gesti\u00f3n har\u00e1 el mayor esfuerzo para decir no cuando as\u00ed sea necesario, analizar algunos proyectos y al decir s\u00ed hacerlo posible.<\/p>\n\n\n\n<p>Entre sus primeras actividades por cumplir es culminar con \u00e9xito la convocatoria para integrar a la Orquesta Sinf\u00f3nica de Oaxaca, lo cual representa, dice, \u201cuna ventana para que entren nuevos aires, dar oportunidad a nuevos artistas talentosos, es dar la posibilidad de competir\u201d.<\/p>\n\n\n\n<p>Adem\u00e1s, otro importante ejercicio es escuchar las inquietudes de los artistas, lo cual hace mucha falta.<\/p>\n\n\n\n<p>La direcci\u00f3n de Promoci\u00f3n Art\u00edstica y Cultural de la Secretar\u00eda de las Culturas tiene a su cargo a instituciones como la Orquesta Sinf\u00f3nica de Oaxaca, la Orquesta Primavera, la Banda de M\u00fasica Estado, las dos compa\u00f1\u00edas estatales de danza, el Museo de los Pintores de Oaxaca, adem\u00e1s de otras tres \u00e1reas, y recibir las solicitudes de artistas y proyectos independientes, lo cual desde su perspectiva es una obligaci\u00f3n moral.<\/p>\n\n\n\n<p>GRAN COMPOSITOR<\/p>\n\n\n\n<p>Nathanael Lorenzo Hern\u00e1ndez es autor de la canci\u00f3n \u201cChula\u201d, tema de la multipremiada pel\u00edcula internacional \u201cFinlandia\u201d y a su vez fue la voz e imagen protag\u00f3nica del tema en la versi\u00f3n original y video oficial.<\/p>\n\n\n\n<p>La pel\u00edcula, del 2022 con un toque documental, se present\u00f3 en Florida, Seattle, Los Angeles, Minnesota, Espa\u00f1a, Francia, Holanda, Italia, Taiw\u00e1n, pero que por el tema \u201cChula\u201d fue nominada a los Premios Goya en Espa\u00f1a por Mejor Canci\u00f3n Original y Nominado al Premio del Jurado a la Mejor \u00d3pera Prima en el Festival Frameline San Francisco International LGBTQ Film Festival.<\/p>\n\n\n\n<p>Para el cantautor, dijo en su momento, escribir \u201cChula\u201d signific\u00f3 \u201cromper con el \u00faltimo caparaz\u00f3n de mis miedos, romp\u00ed espiritualmente con el Nathanael de incontinencia verbal, con el Nathanael que ten\u00eda miedo de cantar y acabar de confirmar p\u00fablicamente qui\u00e9n soy sexualmente\u2026decid\u00ed plasmar en el papel ese grito comprimido que ten\u00eda en el pecho y decir, s\u00ed as\u00ed soy y as\u00ed me quiero y as\u00ed&nbsp;quiero a todos los hombres prietos y de ojos caf\u00e9s y obscuros\u201d.<\/p>\n","protected":false},"excerpt":{"rendered":"<p>Yuridiana Sosa\/Zona Roja. Oaxaca de Ju\u00e1rez, Oax., a 15 de febrero de 2023.- Ni tiene&hellip;<\/p>\n","protected":false},"author":2,"featured_media":51688,"comment_status":"closed","ping_status":"open","sticky":false,"template":"","format":"standard","meta":{"_lmt_disableupdate":"","_lmt_disable":"","_jetpack_memberships_contains_paid_content":false,"footnotes":""},"categories":[109,46],"tags":[1460],"class_list":["post-51687","post","type-post","status-publish","format-standard","has-post-thumbnail","hentry","category-minuto-a-minuto","category-zona-blanca","tag-nathanael-lorenzo-hernandez"],"jetpack_featured_media_url":"https:\/\/zonaroja.com.mx\/wp-content\/uploads\/2023\/02\/Nathanael-Lorenzo-Hernandez.jpg","jetpack_sharing_enabled":true,"_links":{"self":[{"href":"https:\/\/zonaroja.com.mx\/index.php?rest_route=\/wp\/v2\/posts\/51687","targetHints":{"allow":["GET"]}}],"collection":[{"href":"https:\/\/zonaroja.com.mx\/index.php?rest_route=\/wp\/v2\/posts"}],"about":[{"href":"https:\/\/zonaroja.com.mx\/index.php?rest_route=\/wp\/v2\/types\/post"}],"author":[{"embeddable":true,"href":"https:\/\/zonaroja.com.mx\/index.php?rest_route=\/wp\/v2\/users\/2"}],"replies":[{"embeddable":true,"href":"https:\/\/zonaroja.com.mx\/index.php?rest_route=%2Fwp%2Fv2%2Fcomments&post=51687"}],"version-history":[{"count":1,"href":"https:\/\/zonaroja.com.mx\/index.php?rest_route=\/wp\/v2\/posts\/51687\/revisions"}],"predecessor-version":[{"id":51689,"href":"https:\/\/zonaroja.com.mx\/index.php?rest_route=\/wp\/v2\/posts\/51687\/revisions\/51689"}],"wp:featuredmedia":[{"embeddable":true,"href":"https:\/\/zonaroja.com.mx\/index.php?rest_route=\/wp\/v2\/media\/51688"}],"wp:attachment":[{"href":"https:\/\/zonaroja.com.mx\/index.php?rest_route=%2Fwp%2Fv2%2Fmedia&parent=51687"}],"wp:term":[{"taxonomy":"category","embeddable":true,"href":"https:\/\/zonaroja.com.mx\/index.php?rest_route=%2Fwp%2Fv2%2Fcategories&post=51687"},{"taxonomy":"post_tag","embeddable":true,"href":"https:\/\/zonaroja.com.mx\/index.php?rest_route=%2Fwp%2Fv2%2Ftags&post=51687"}],"curies":[{"name":"wp","href":"https:\/\/api.w.org\/{rel}","templated":true}]}}