{"id":51695,"date":"2023-02-15T14:14:00","date_gmt":"2023-02-15T20:14:00","guid":{"rendered":"http:\/\/www.zonaroja.com.mx\/?p=51695"},"modified":"2023-02-15T18:10:22","modified_gmt":"2023-02-16T00:10:22","slug":"pend2-17","status":"publish","type":"post","link":"https:\/\/zonaroja.com.mx\/?p=51695","title":{"rendered":"Exhiben a colaborador de Salom\u00f3n Jara como deudor alimentario; exigen su despido"},"content":{"rendered":"\n<p>Yuridiana Sosa\/Zona Roja.<\/p>\n\n\n\n<p>Oaxaca de Ju\u00e1rez, Oax., 15 de febrero de 2023.- Mientras que el propio gobernador de Oaxaca, Salom\u00f3n Jara Cruz, present\u00f3 iniciativa para restringir el acceso a cargos p\u00fablicos a personas deudoras de pensiones alimentarias, uno de sus m\u00e1s cercanos colaboradores fue acusado de violentar los derechos de su hijo por evitar este pago.<\/p>\n\n\n\n<p>La red de mujeres que integran Deudores Alimentarios Oaxaca, denunci\u00f3 a Michael Adri\u00e1n Aranda Vasquez, adscrito a la Secretar\u00eda de Seguridad y Protecci\u00f3n Ciudadana y que actualmente trabaja como parte de la Ayudant\u00eda y escolta del gobernador, es un deudor alimentario. <\/p>\n\n\n\n<p>A trav\u00e9s de la denuncia p\u00fablica se dio a conocer que, pese a contar con los recursos necesarios para mantener ese puesto de trabajo, sigue en pagar la pensi\u00f3n de su hijo, as\u00ed como se esconde cada vez que llegan notificaciones del juzgado.&nbsp;<\/p>\n\n\n\n<p>\u201cEs un vividor que solo utiliza a las mujeres para darse la buena vida, dejando a sus hijos a la deriva\u2026exigimos al gobernador que los despida inmediatamente o lo obligue a pagar a su hijo lo que le corresponde\u201d, destac\u00f3 la denuncia. <\/p>\n\n\n\n<figure class=\"wp-block-embed\"><div class=\"wp-block-embed__wrapper\">\n<div class=\"twitter-tweet\"><blockquote class=\"twitter-tweet\" data-lang=\"es\"><p lang=\"es\" dir=\"ltr\"><a href=\"https:\/\/twitter.com\/hashtag\/%C3%9AltimoMinuto?src=hash&amp;ref_src=twsrc%5Etfw\">#\u00daltimoMinuto<\/a><br>En la sede del <a href=\"https:\/\/twitter.com\/CongresoOaxaca_?ref_src=twsrc%5Etfw\">@CongresoOaxaca_<\/a>, mujeres colocan \u201ctendedero\u201d de deudores alimentarios, para exhibir a parejas omisas. <br>Hoy en el Legislativo se prev\u00e9 la aprobaci\u00f3n de normas que impidan a deudores a acceder a cargos p\u00fablicos. <a href=\"https:\/\/t.co\/cXkTAUi5Gi\">pic.twitter.com\/cXkTAUi5Gi<\/a><\/p>&mdash; Zona Roja Oaxaca (@ZonaRoja_Oaxaca) <a href=\"https:\/\/twitter.com\/ZonaRoja_Oaxaca\/status\/1625927030964621313?ref_src=twsrc%5Etfw\">15 de febrero de 2023<\/a><\/blockquote><\/div>\n<\/div><\/figure>\n\n\n\n<p>PROTESTA EN CONGRESO<\/p>\n\n\n\n<p>Por otra parte, la sede del Congreso del Estado se convirti\u00f3 este mi\u00e9rcoles en punto de protesta para instalar el \u201ctendedero\u201d de deudores alimentarios, en el que exhiben casos de l\u00edderes de organizaciones, servidores p\u00fablicos y ciudadanos que han evadido la ley para cumplir con la pensi\u00f3n para sus hijos.<\/p>\n\n\n\n<p>Con decenas de lonas, con fotograf\u00edas y datos de los acusados, las madres de los menores afectados cubrieron uno de los accesos de un edificio del complejo, entre ellos siguen mencionando al presidente de San Pedro Tapanatepec, Humberto L\u00f3pez Parrazales.<\/p>\n\n\n\n<p>Las madres de familia y las representantes del grupo apuntaron que esta denuncia p\u00fablica es para recordar a las autoridades los casos que siguen pendientes y para que retomen los expedientes que se han archivado.<\/p>\n\n\n\n<p>\u201cAlzamos la voz para que ning\u00fan deudor pueda ejercer un cargo p\u00fablico\u201d, \u201cVenimos solas, nadie nos invit\u00f3, pero queremos que nos escuchen\u201d, se\u00f1alaron.<\/p>\n\n\n\n<p>Durante la sesi\u00f3n de este mi\u00e9rcoles del Poder Legislativo se aprobaron reformas que impidan a deudores a acceder a cargos p\u00fablicos.<\/p>\n\n\n\n<p>El gobernador de Oaxaca, present\u00f3 recientemente al pleno del Congreso estatal un paquete de reformas con el objetivo de restringir el acceso a cargos p\u00fablicos a personas que est\u00e9n inscritas en el Registro de Deudores Alimentarios Morosos.<\/p>\n","protected":false},"excerpt":{"rendered":"<p>Yuridiana Sosa\/Zona Roja. Oaxaca de Ju\u00e1rez, Oax., 15 de febrero de 2023.- Mientras que el&hellip;<\/p>\n","protected":false},"author":2,"featured_media":51699,"comment_status":"closed","ping_status":"open","sticky":false,"template":"","format":"standard","meta":{"_lmt_disableupdate":"","_lmt_disable":"","_jetpack_memberships_contains_paid_content":false,"footnotes":""},"categories":[109,47],"tags":[939],"class_list":["post-51695","post","type-post","status-publish","format-standard","has-post-thumbnail","hentry","category-minuto-a-minuto","category-zona-gris","tag-salomon-jara-cruz"],"jetpack_featured_media_url":"https:\/\/zonaroja.com.mx\/wp-content\/uploads\/2023\/02\/img_4742.jpg","jetpack_sharing_enabled":true,"_links":{"self":[{"href":"https:\/\/zonaroja.com.mx\/index.php?rest_route=\/wp\/v2\/posts\/51695","targetHints":{"allow":["GET"]}}],"collection":[{"href":"https:\/\/zonaroja.com.mx\/index.php?rest_route=\/wp\/v2\/posts"}],"about":[{"href":"https:\/\/zonaroja.com.mx\/index.php?rest_route=\/wp\/v2\/types\/post"}],"author":[{"embeddable":true,"href":"https:\/\/zonaroja.com.mx\/index.php?rest_route=\/wp\/v2\/users\/2"}],"replies":[{"embeddable":true,"href":"https:\/\/zonaroja.com.mx\/index.php?rest_route=%2Fwp%2Fv2%2Fcomments&post=51695"}],"version-history":[{"count":2,"href":"https:\/\/zonaroja.com.mx\/index.php?rest_route=\/wp\/v2\/posts\/51695\/revisions"}],"predecessor-version":[{"id":51700,"href":"https:\/\/zonaroja.com.mx\/index.php?rest_route=\/wp\/v2\/posts\/51695\/revisions\/51700"}],"wp:featuredmedia":[{"embeddable":true,"href":"https:\/\/zonaroja.com.mx\/index.php?rest_route=\/wp\/v2\/media\/51699"}],"wp:attachment":[{"href":"https:\/\/zonaroja.com.mx\/index.php?rest_route=%2Fwp%2Fv2%2Fmedia&parent=51695"}],"wp:term":[{"taxonomy":"category","embeddable":true,"href":"https:\/\/zonaroja.com.mx\/index.php?rest_route=%2Fwp%2Fv2%2Fcategories&post=51695"},{"taxonomy":"post_tag","embeddable":true,"href":"https:\/\/zonaroja.com.mx\/index.php?rest_route=%2Fwp%2Fv2%2Ftags&post=51695"}],"curies":[{"name":"wp","href":"https:\/\/api.w.org\/{rel}","templated":true}]}}