{"id":51701,"date":"2023-02-15T20:01:59","date_gmt":"2023-02-16T02:01:59","guid":{"rendered":"http:\/\/www.zonaroja.com.mx\/?p=51701"},"modified":"2023-02-15T20:02:01","modified_gmt":"2023-02-16T02:02:01","slug":"roja-primavera-oaxaquena-tres-ejecutados-y-dos-heridos-este-miercoles","status":"publish","type":"post","link":"https:\/\/zonaroja.com.mx\/?p=51701","title":{"rendered":"Roja \u201cprimavera oaxaque\u00f1a\u201d: tres ejecutados y dos heridos, este mi\u00e9rcoles"},"content":{"rendered":"\n<p>Redacci\u00f3n\/Zona Roja.<\/p>\n\n\n\n<p>Oaxaca de Ju\u00e1rez, Oax., a 15 de febrero de 2023.- Tres personas fueron asesinadas a balazos y dos m\u00e1s resultaron heridas este mi\u00e9rcoles en Oaxaca, en hechos distintos.<\/p>\n\n\n\n<p>En la carretera que comunica a Juchit\u00e1n de Zaragoza con su agencia de La Ventosa, a la altura de la colonia Los Pinos, se registr\u00f3 un ataque armado en contra de un motociclista.<\/p>\n\n\n\n<p>En el sitio perdi\u00f3 la vida Antonio L. N., quien fue abatido que de inmediato huyeron de la zona; hasta el momento no hay personas detenidas.<\/p>\n\n\n\n<p>Mientras que en el municipio de San Jos\u00e9 Chiltepec, en la regi\u00f3n Cuenca del estado, fueron localizados dos cuerpos con huellas de violencia, en el camino a la comunidad Cerro Flores.<\/p>\n\n\n\n<p>Una de las v\u00edctimas ya no contaba con signos vitales, mientras que otra fue trasladada a un hospital de San Juan Bautista Tuxtepec; a\u00fan no han sido identificados legalmente.<\/p>\n\n\n\n<p>Tambi\u00e9n este mi\u00e9rcoles, en la comunidad de Collantes, perteneciente al municipio de Santiago Pinotepa Nacional, fue hallado el cuerpo de una persona, maniatado y con huellas de tortura.<\/p>\n\n\n\n<p>Se localiz\u00f3 en el r\u00edo \u201cLa Arena\u201d y hasta el momento permanece sin ser identificado.<\/p>\n\n\n\n<p>Mientras que en la localidad en San Pedro Ixtlahuaca, municipio de la regi\u00f3n Valles Centrales, un individuo fue atacado a balazos y trasladado a un hospital, para recibir atenci\u00f3n m\u00e9dica.<\/p>\n","protected":false},"excerpt":{"rendered":"<p>Redacci\u00f3n\/Zona Roja. Oaxaca de Ju\u00e1rez, Oax., a 15 de febrero de 2023.- Tres personas fueron&hellip;<\/p>\n","protected":false},"author":2,"featured_media":51702,"comment_status":"closed","ping_status":"open","sticky":false,"template":"","format":"standard","meta":{"_lmt_disableupdate":"","_lmt_disable":"","_jetpack_memberships_contains_paid_content":false,"footnotes":""},"categories":[109,51],"tags":[123,1616],"class_list":["post-51701","post","type-post","status-publish","format-standard","has-post-thumbnail","hentry","category-minuto-a-minuto","category-zona-roja","tag-juchitan-de-zaragoza","tag-san-jose-chiltepec"],"jetpack_featured_media_url":"https:\/\/zonaroja.com.mx\/wp-content\/uploads\/2023\/02\/Asesinado-Juchitan-de-Zaragoza.jpg","jetpack_sharing_enabled":true,"_links":{"self":[{"href":"https:\/\/zonaroja.com.mx\/index.php?rest_route=\/wp\/v2\/posts\/51701","targetHints":{"allow":["GET"]}}],"collection":[{"href":"https:\/\/zonaroja.com.mx\/index.php?rest_route=\/wp\/v2\/posts"}],"about":[{"href":"https:\/\/zonaroja.com.mx\/index.php?rest_route=\/wp\/v2\/types\/post"}],"author":[{"embeddable":true,"href":"https:\/\/zonaroja.com.mx\/index.php?rest_route=\/wp\/v2\/users\/2"}],"replies":[{"embeddable":true,"href":"https:\/\/zonaroja.com.mx\/index.php?rest_route=%2Fwp%2Fv2%2Fcomments&post=51701"}],"version-history":[{"count":1,"href":"https:\/\/zonaroja.com.mx\/index.php?rest_route=\/wp\/v2\/posts\/51701\/revisions"}],"predecessor-version":[{"id":51703,"href":"https:\/\/zonaroja.com.mx\/index.php?rest_route=\/wp\/v2\/posts\/51701\/revisions\/51703"}],"wp:featuredmedia":[{"embeddable":true,"href":"https:\/\/zonaroja.com.mx\/index.php?rest_route=\/wp\/v2\/media\/51702"}],"wp:attachment":[{"href":"https:\/\/zonaroja.com.mx\/index.php?rest_route=%2Fwp%2Fv2%2Fmedia&parent=51701"}],"wp:term":[{"taxonomy":"category","embeddable":true,"href":"https:\/\/zonaroja.com.mx\/index.php?rest_route=%2Fwp%2Fv2%2Fcategories&post=51701"},{"taxonomy":"post_tag","embeddable":true,"href":"https:\/\/zonaroja.com.mx\/index.php?rest_route=%2Fwp%2Fv2%2Ftags&post=51701"}],"curies":[{"name":"wp","href":"https:\/\/api.w.org\/{rel}","templated":true}]}}