{"id":51705,"date":"2023-02-15T21:31:01","date_gmt":"2023-02-16T03:31:01","guid":{"rendered":"http:\/\/www.zonaroja.com.mx\/?p=51705"},"modified":"2023-02-15T21:31:02","modified_gmt":"2023-02-16T03:31:02","slug":"rinde-xoxocotlan-homenaje-a-policia-caido-en-cumplimiento-de-su-deber","status":"publish","type":"post","link":"https:\/\/zonaroja.com.mx\/?p=51705","title":{"rendered":"Rinde Xoxocotl\u00e1n homenaje a polic\u00eda ca\u00eddo en cumplimiento de su deber"},"content":{"rendered":"\n<p>Redacci\u00f3n\/Zona Roja.<\/p>\n\n\n\n<p>Oaxaca de Ju\u00e1rez, Oax., a 15 de febrero de 2023.- Integrantes del ayuntamiento de Santa Cruz Xoxocotl\u00e1n rindieron hoy un homenaje de cuerpo presente al polic\u00eda municipal Roberto Ignacio Hern\u00e1ndez, abatido el pasado lunes cuando cumpl\u00eda su deber.<\/p>\n\n\n\n<p>La ceremonia fue encabezada por el presidente municipal, Inocente Castellanos Alejos, en compa\u00f1\u00eda de integrantes de su Cabildo; de la corporaci\u00f3n de la Comisi\u00f3n de Seguridad Municipal, Vial y Protecci\u00f3n Civil, as\u00ed como de los elementos que la integran.<\/p>\n\n\n\n<p>En un acto solemne, se honr\u00f3 la memoria del polic\u00eda municipal y se dio el p\u00e9same a los familiares y seres queridos del elemento.<\/p>\n\n\n\n<p>\u201cHe venido al cuartel de nuestra polic\u00eda a mostrar la solidaridad del gobierno municipal, ante la dolorosa p\u00e9rdida de uno de nuestros compa\u00f1eros; a reiterar nuestra m\u00e1s en\u00e9rgica condena ante los hechos sufridos y a hacer un llamado a la Fiscal\u00eda General del Estado de Oaxaca, o en caso de que se acredite la participaci\u00f3n de la delincuencia organizada en estos reprobables hechos, a la Fiscal\u00eda General de la Rep\u00fablica, el pronto esclarecimiento de este crimen y la aprehensi\u00f3n de quienes resulten responsables\u201d, dijo en su mensaje el presidente municipal, \u201cChente\u201d Castellanos.&nbsp;<\/p>\n\n\n\n<p>El mun\u00edcipe tambi\u00e9n instruy\u00f3 al Comisionado, Ra\u00fal Guill\u00e9n, para que su corporaci\u00f3n colabore con todos los medios legales a su alcance, para la debida integraci\u00f3n de la Carpeta de Investigaci\u00f3n correspondiente al crimen cometido contra Roberto, pues dijo que \u00e9ste enluta a todas las instituciones policiales oaxaque\u00f1as y su muerte, de ninguna manera, puede quedar impune.\u00a0<\/p>\n\n\n\n<figure class=\"wp-block-embed is-type-rich is-provider-twitter wp-block-embed-twitter\"><div class=\"wp-block-embed__wrapper\">\n<div class=\"twitter-tweet\"><blockquote class=\"twitter-tweet\" data-lang=\"es\"><p lang=\"es\" dir=\"ltr\"><a href=\"https:\/\/twitter.com\/hashtag\/UltimoMinuto?src=hash&amp;ref_src=twsrc%5Etfw\">#UltimoMinuto<\/a><br>Esta tarde, el <a href=\"https:\/\/twitter.com\/GobXoxocotlan?ref_src=twsrc%5Etfw\">@GobXoxocotlan<\/a>, encabezado por el edil <a href=\"https:\/\/twitter.com\/DrCCastellanos?ref_src=twsrc%5Etfw\">@DrCCastellanos<\/a>, rindi\u00f3 un homenaje de cuerpo presente al polic\u00eda municipal Roberto Ignacio Hern\u00e1ndez, ultimado en cumplimiento de su deber, el pasado lunes. <br>Videos: Cortes\u00eda. <a href=\"https:\/\/t.co\/6Py5A8ti1h\">pic.twitter.com\/6Py5A8ti1h<\/a><\/p>&mdash; Zona Roja Oaxaca (@ZonaRoja_Oaxaca) <a href=\"https:\/\/twitter.com\/ZonaRoja_Oaxaca\/status\/1626024257703510017?ref_src=twsrc%5Etfw\">16 de febrero de 2023<\/a><\/blockquote><\/div>\n<\/div><\/figure>\n\n\n\n<p>\u201cHoy m\u00e1s que nunca, las fuerzas de seguridad federales, estatales y municipales, les decimos a la delincuencia que no nos van a amedrentar y que no vamos a permitir que ning\u00fan atentado contra uno de los nuestros quede sin castigo.<\/p>\n\n\n\n<p>\u201cMe conmueve y me duele mucho estar hoy frente al cuerpo de nuestro compa\u00f1ero, abatido por unos asesinos, hasta ahora an\u00f3nimos. por eso, exigimos justicia para \u00e9l, para sus deudos y para su corporaci\u00f3n\u201d, a\u00f1adi\u00f3 Castellanos Alejos.<\/p>\n\n\n\n<p>Destac\u00f3 que el polic\u00eda Roberto dio su vida por la convivencia pac\u00edfica y la preservaci\u00f3n del orden y la paz p\u00fablicos y su sacrificio deber\u00e1 servir para que las xoxe\u00f1as y los xoxe\u00f1os se mantengan unidos y as\u00ed se pueda avanzar hacia una mejor calidad de vida, pero sobre todo, prevalezca la paz.<\/p>\n\n\n\n<p>\u201c\u00c9l fue ejemplo de servicio a Xoxocotl\u00e1n y muri\u00f3 defendiendo sus principios y su vocaci\u00f3n por combatir a la delincuencia y defender la legalidad. En estos momentos de honda tristeza, en el que las palabras no resultan suficientes para retratar nuestra pena, le damos las gracias por haber portado con tanto honor y dignidad nuestro uniforme y por haber dado su vida por los dem\u00e1s\u201d.<\/p>\n\n\n\n<p>Ante el cuerpo del elemento ca\u00eddo, el presidente \u201cChente\u201d Castellanos dio el p\u00e9same a su familia y se comprometi\u00f3 a no dejarla desamparada, pues su gobierno cubrir\u00e1 oportunamente todas las prestaciones que les dej\u00f3 y tambi\u00e9n les brindar\u00e1 acompa\u00f1amiento en este duro trance.<\/p>\n\n\n\n<p>Indic\u00f3 que los recorridos de vigilancia, prevenci\u00f3n y disuasi\u00f3n, se mantendr\u00e1n, pues la seguridad y la tranquilidad de las familias xoxe\u00f1as, es primero.<\/p>\n\n\n\n<p>Cabe destacar que a este llamado de unidad por la seguridad, no s\u00f3lo de las familias xoxe\u00f1as, sino las de Valles Centrales y todo Oaxaca, se sumaron la Secretar\u00eda de la Defensa Nacional, el director de la Polic\u00eda de Cuil\u00e1pam, Jaime Moreno Colmenares, y el secretario de Seguridad P\u00fablica del municipio de Oaxaca de Ju\u00e1rez, Ra\u00fal Avila.<\/p>\n","protected":false},"excerpt":{"rendered":"<p>Redacci\u00f3n\/Zona Roja. Oaxaca de Ju\u00e1rez, Oax., a 15 de febrero de 2023.- Integrantes del ayuntamiento&hellip;<\/p>\n","protected":false},"author":2,"featured_media":51706,"comment_status":"closed","ping_status":"open","sticky":false,"template":"","format":"standard","meta":{"_lmt_disableupdate":"","_lmt_disable":"","_jetpack_memberships_contains_paid_content":false,"footnotes":""},"categories":[109,47],"tags":[133],"class_list":["post-51705","post","type-post","status-publish","format-standard","has-post-thumbnail","hentry","category-minuto-a-minuto","category-zona-gris","tag-santa-cruz-xoxocotlan"],"jetpack_featured_media_url":"https:\/\/zonaroja.com.mx\/wp-content\/uploads\/2023\/02\/Homenaje-a-policia-Xoxocotlan.jpg","jetpack_sharing_enabled":true,"_links":{"self":[{"href":"https:\/\/zonaroja.com.mx\/index.php?rest_route=\/wp\/v2\/posts\/51705","targetHints":{"allow":["GET"]}}],"collection":[{"href":"https:\/\/zonaroja.com.mx\/index.php?rest_route=\/wp\/v2\/posts"}],"about":[{"href":"https:\/\/zonaroja.com.mx\/index.php?rest_route=\/wp\/v2\/types\/post"}],"author":[{"embeddable":true,"href":"https:\/\/zonaroja.com.mx\/index.php?rest_route=\/wp\/v2\/users\/2"}],"replies":[{"embeddable":true,"href":"https:\/\/zonaroja.com.mx\/index.php?rest_route=%2Fwp%2Fv2%2Fcomments&post=51705"}],"version-history":[{"count":1,"href":"https:\/\/zonaroja.com.mx\/index.php?rest_route=\/wp\/v2\/posts\/51705\/revisions"}],"predecessor-version":[{"id":51707,"href":"https:\/\/zonaroja.com.mx\/index.php?rest_route=\/wp\/v2\/posts\/51705\/revisions\/51707"}],"wp:featuredmedia":[{"embeddable":true,"href":"https:\/\/zonaroja.com.mx\/index.php?rest_route=\/wp\/v2\/media\/51706"}],"wp:attachment":[{"href":"https:\/\/zonaroja.com.mx\/index.php?rest_route=%2Fwp%2Fv2%2Fmedia&parent=51705"}],"wp:term":[{"taxonomy":"category","embeddable":true,"href":"https:\/\/zonaroja.com.mx\/index.php?rest_route=%2Fwp%2Fv2%2Fcategories&post=51705"},{"taxonomy":"post_tag","embeddable":true,"href":"https:\/\/zonaroja.com.mx\/index.php?rest_route=%2Fwp%2Fv2%2Ftags&post=51705"}],"curies":[{"name":"wp","href":"https:\/\/api.w.org\/{rel}","templated":true}]}}