{"id":51708,"date":"2023-02-15T22:02:38","date_gmt":"2023-02-16T04:02:38","guid":{"rendered":"http:\/\/www.zonaroja.com.mx\/?p=51708"},"modified":"2023-02-15T22:02:40","modified_gmt":"2023-02-16T04:02:40","slug":"enesimo-dia-de-caos-y-de-crisis-de-ingobernabilidad-en-oaxaca","status":"publish","type":"post","link":"https:\/\/zonaroja.com.mx\/?p=51708","title":{"rendered":"En\u00e9simo d\u00eda de caos y de crisis de ingobernabilidad en Oaxaca"},"content":{"rendered":"\n<p>Yuridiana Sosa\/ Zona Roja.<\/p>\n\n\n\n<p>Oaxaca de Ju\u00e1rez, Oax., a 15 de febrero de 2023.- Por tercer d\u00eda consecutivo de la semana, Oaxaca registr\u00f3 manifestaciones en exigencia de compromisos y diversas peticiones a las que el gobierno estatal ha incumplido.<\/p>\n\n\n\n<p>Ind\u00edgenas triquis se volvieron a instalar, por segundo d\u00eda, en \u201cplant\u00f3n\u201d y huelga de hambre frente al Palacio de Gobierno, en el z\u00f3calo de Oaxaca, para demandar a la Secretar\u00eda de Gobierno cumpla con los acuerdos firmados en diciembre.<\/p>\n\n\n\n<p>Las manifestantes son un grupo de mujeres encabezadas por Lorena Merino, que denunci\u00f3 apat\u00eda y prepotencia del secretario de Gobierno de Oaxaca, Jes\u00fas Romero, quien primero se comprometi\u00f3 a ofrecerles un nuevo espacio para sus ventas en lo que se resuelva el tema de la reubicaci\u00f3n de desplazados.<\/p>\n\n\n\n<p>Mientras que en la Costa, por tercer d\u00eda, pobladores de San Pedro Huamelula, integrados en la Sociedad Agr\u00edcola y Ganadera El Coyul, bloquearon la carretera federal 200, para exigir la intervenci\u00f3n del gobierno de Oaxaca para solucionar un problema de despojo de tierras.<\/p>\n\n\n\n<p>La afectaci\u00f3n se registr\u00f3 en el tramo Salina Cruz- Huatulco, a la altura de la comunidad de El Coyul, donde desde el lunes realizan su jornada de protesta.<\/p>\n\n\n\n<p>OTRAS AFECTACIONES<\/p>\n\n\n\n<p>A su vez, integrantes del Frente Nacional Ind\u00edgena y Campesino (FNIC) realizaron por algunas horas un bloqueo en la carretera federal 190, a la altura de la desviaci\u00f3n al municipio de Tezoatl\u00e1n de Segura y Luna, en la regi\u00f3n Mixteca, adem\u00e1s de la supercarretera a la altura de Nochixtl\u00e1n.<\/p>\n\n\n\n<p>Los manifestantes exigieron la liberaci\u00f3n de dos militantes detenidos, a quienes ,dijeron, les fabricaron delitos . Tras la protesta lograron una mesa de negociaci\u00f3n y retiraron el bloqueo.<\/p>\n\n\n\n<p>En tanto, integrantes de la Federaci\u00f3n Nacional de Estudiantes Revolucionarios \u201cRafael Ram\u00edrez\u201d (FNERRR) anunciaron movilizaciones en la Ciudad de Oaxaca en demanda del cumplimiento de su pliego de peticiones.<\/p>\n\n\n\n<p>En conferencia de prensa, destacaron que el documento fue entregado al gobierno de Oaxaca desde el 15 de diciembre con demandas para las escuelas y albergues de centros adheridos a su organizaci\u00f3n, pero hasta ahora no han tenido ni una respuesta, ni un llamado para instalar una mesa de di\u00e1logo.<\/p>\n\n\n\n<p>Por esa situaci\u00f3n comenzar\u00e1n con movilizaciones en los pr\u00f3ximos d\u00edas.<\/p>\n\n\n\n<p>Mientras que los egresados de escuelas Normales de Oaxaca contin\u00faan su \u00abplant\u00f3n\u00bb en el Centro Hist\u00f3rico de la ciudad de Oaxaca, en demanda de plazas de docentes pero sin cubrir los requisitos oficiales.<\/p>\n","protected":false},"excerpt":{"rendered":"<p>Yuridiana Sosa\/ Zona Roja. Oaxaca de Ju\u00e1rez, Oax., a 15 de febrero de 2023.- Por&hellip;<\/p>\n","protected":false},"author":2,"featured_media":51709,"comment_status":"closed","ping_status":"open","sticky":false,"template":"","format":"standard","meta":{"_lmt_disableupdate":"","_lmt_disable":"","_jetpack_memberships_contains_paid_content":false,"footnotes":""},"categories":[109,47],"tags":[2264],"class_list":["post-51708","post","type-post","status-publish","format-standard","has-post-thumbnail","hentry","category-minuto-a-minuto","category-zona-gris","tag-bloqueos-y-protestas-oaxaca"],"jetpack_featured_media_url":"https:\/\/zonaroja.com.mx\/wp-content\/uploads\/2023\/02\/Bloqueo-Coyul-Huamelula-Oaxaca.jpg","jetpack_sharing_enabled":true,"_links":{"self":[{"href":"https:\/\/zonaroja.com.mx\/index.php?rest_route=\/wp\/v2\/posts\/51708","targetHints":{"allow":["GET"]}}],"collection":[{"href":"https:\/\/zonaroja.com.mx\/index.php?rest_route=\/wp\/v2\/posts"}],"about":[{"href":"https:\/\/zonaroja.com.mx\/index.php?rest_route=\/wp\/v2\/types\/post"}],"author":[{"embeddable":true,"href":"https:\/\/zonaroja.com.mx\/index.php?rest_route=\/wp\/v2\/users\/2"}],"replies":[{"embeddable":true,"href":"https:\/\/zonaroja.com.mx\/index.php?rest_route=%2Fwp%2Fv2%2Fcomments&post=51708"}],"version-history":[{"count":1,"href":"https:\/\/zonaroja.com.mx\/index.php?rest_route=\/wp\/v2\/posts\/51708\/revisions"}],"predecessor-version":[{"id":51710,"href":"https:\/\/zonaroja.com.mx\/index.php?rest_route=\/wp\/v2\/posts\/51708\/revisions\/51710"}],"wp:featuredmedia":[{"embeddable":true,"href":"https:\/\/zonaroja.com.mx\/index.php?rest_route=\/wp\/v2\/media\/51709"}],"wp:attachment":[{"href":"https:\/\/zonaroja.com.mx\/index.php?rest_route=%2Fwp%2Fv2%2Fmedia&parent=51708"}],"wp:term":[{"taxonomy":"category","embeddable":true,"href":"https:\/\/zonaroja.com.mx\/index.php?rest_route=%2Fwp%2Fv2%2Fcategories&post=51708"},{"taxonomy":"post_tag","embeddable":true,"href":"https:\/\/zonaroja.com.mx\/index.php?rest_route=%2Fwp%2Fv2%2Ftags&post=51708"}],"curies":[{"name":"wp","href":"https:\/\/api.w.org\/{rel}","templated":true}]}}