{"id":51711,"date":"2023-02-15T22:22:54","date_gmt":"2023-02-16T04:22:54","guid":{"rendered":"http:\/\/www.zonaroja.com.mx\/?p=51711"},"modified":"2023-02-15T22:22:56","modified_gmt":"2023-02-16T04:22:56","slug":"tras-bloqueo-y-escandalos-de-edil-desaparece-congreso-poderes-en-rio-hondo","status":"publish","type":"post","link":"https:\/\/zonaroja.com.mx\/?p=51711","title":{"rendered":"Tras bloqueo y esc\u00e1ndalos de edil, desaparece Congreso poderes en R\u00edo Hondo"},"content":{"rendered":"\n<p>Redacci\u00f3n\/Zona Roja.<\/p>\n\n\n\n<p>Oaxaca de Ju\u00e1rez, Oax., a 15 de febrero de 2023.- Tras varios meses de bloqueo carretero, protestas, ri\u00f1as y actitud violenta del edil \u00c1ngel Gerardo Ruiz Vel\u00e1squez, este mi\u00e9rcoles el Congreso del Estado determin\u00f3 la desaparici\u00f3n de poderes de San Mateo R\u00edo Hondo.<\/p>\n\n\n\n<p>Con 30 votos, el pleno de la 65 Legislatura aval\u00f3 el dictamen de la Comisi\u00f3n Permanente de Gobierno. Asuntos Agrarios, que aprob\u00f3 la la solicitud de renuncia presentada por los integrantes del Cabildo.<\/p>\n\n\n\n<p>Apenas el pasado 14 de febrero, el edil a\u00fan en funciones, surgido del Partido Morena, reaccion\u00f3 con violencia durante una reuni\u00f3n conciliatoria con las partes en pugna, en oficinas de gobierno ubicadas en el complejo de Ciudad Administrativa.<\/p>\n\n\n\n<p>Con furia, arroj\u00f3 sillas a sus oponentes, quienes se impusieron y lograron la destituci\u00f3n del mun\u00edcipe, al que han acusado en reiteradas ocasiones de no rendir cuentas de al menos 30 millones de pesos que destin\u00f3 la Federaci\u00f3n para el pago a los damnificados por el hurac\u00e1n \u201c\u00c1gatha\u201d.<\/p>\n\n\n\n<p>Por esta causa, en incontables ocasiones, pobladores de las agencias bloquearon la carretera federal Oaxaca-Puerto \u00c1ngel, a la altura de San Jos\u00e9 del Pac\u00edfico.<\/p>\n\n\n\n<figure class=\"wp-block-embed is-type-rich is-provider-twitter wp-block-embed-twitter\"><div class=\"wp-block-embed__wrapper\">\n<div class=\"twitter-tweet\"><blockquote class=\"twitter-tweet\" data-lang=\"es\"><p lang=\"es\" dir=\"ltr\"><a href=\"https:\/\/twitter.com\/hashtag\/%C3%9AltimoMinuto?src=hash&amp;ref_src=twsrc%5Etfw\">#\u00daltimoMinuto<\/a><br>En sesi\u00f3n extraordinaria, el pleno del <a href=\"https:\/\/twitter.com\/CongresoOaxaca_?ref_src=twsrc%5Etfw\">@CongresoOaxaca_<\/a> aprob\u00f3 con 30 votos la renuncia de todos los integrantes del Cabildo del municipio de San Mateo R\u00edo Hondo. <a href=\"https:\/\/t.co\/nBfseUAzmy\">pic.twitter.com\/nBfseUAzmy<\/a><\/p>&mdash; Zona Roja Oaxaca (@ZonaRoja_Oaxaca) <a href=\"https:\/\/twitter.com\/ZonaRoja_Oaxaca\/status\/1625985528171532291?ref_src=twsrc%5Etfw\">15 de febrero de 2023<\/a><\/blockquote><\/div>\n<\/div><\/figure>\n","protected":false},"excerpt":{"rendered":"<p>Redacci\u00f3n\/Zona Roja. Oaxaca de Ju\u00e1rez, Oax., a 15 de febrero de 2023.- Tras varios meses&hellip;<\/p>\n","protected":false},"author":2,"featured_media":51712,"comment_status":"closed","ping_status":"open","sticky":false,"template":"","format":"standard","meta":{"_lmt_disableupdate":"","_lmt_disable":"","_jetpack_memberships_contains_paid_content":false,"footnotes":""},"categories":[109,47],"tags":[3258],"class_list":["post-51711","post","type-post","status-publish","format-standard","has-post-thumbnail","hentry","category-minuto-a-minuto","category-zona-gris","tag-san-mateo-rio-hondo"],"jetpack_featured_media_url":"https:\/\/zonaroja.com.mx\/wp-content\/uploads\/2023\/02\/Angel-Gerardo-Ruiz-Rio-Hondo.jpg","jetpack_sharing_enabled":true,"_links":{"self":[{"href":"https:\/\/zonaroja.com.mx\/index.php?rest_route=\/wp\/v2\/posts\/51711","targetHints":{"allow":["GET"]}}],"collection":[{"href":"https:\/\/zonaroja.com.mx\/index.php?rest_route=\/wp\/v2\/posts"}],"about":[{"href":"https:\/\/zonaroja.com.mx\/index.php?rest_route=\/wp\/v2\/types\/post"}],"author":[{"embeddable":true,"href":"https:\/\/zonaroja.com.mx\/index.php?rest_route=\/wp\/v2\/users\/2"}],"replies":[{"embeddable":true,"href":"https:\/\/zonaroja.com.mx\/index.php?rest_route=%2Fwp%2Fv2%2Fcomments&post=51711"}],"version-history":[{"count":1,"href":"https:\/\/zonaroja.com.mx\/index.php?rest_route=\/wp\/v2\/posts\/51711\/revisions"}],"predecessor-version":[{"id":51713,"href":"https:\/\/zonaroja.com.mx\/index.php?rest_route=\/wp\/v2\/posts\/51711\/revisions\/51713"}],"wp:featuredmedia":[{"embeddable":true,"href":"https:\/\/zonaroja.com.mx\/index.php?rest_route=\/wp\/v2\/media\/51712"}],"wp:attachment":[{"href":"https:\/\/zonaroja.com.mx\/index.php?rest_route=%2Fwp%2Fv2%2Fmedia&parent=51711"}],"wp:term":[{"taxonomy":"category","embeddable":true,"href":"https:\/\/zonaroja.com.mx\/index.php?rest_route=%2Fwp%2Fv2%2Fcategories&post=51711"},{"taxonomy":"post_tag","embeddable":true,"href":"https:\/\/zonaroja.com.mx\/index.php?rest_route=%2Fwp%2Fv2%2Ftags&post=51711"}],"curies":[{"name":"wp","href":"https:\/\/api.w.org\/{rel}","templated":true}]}}