{"id":51719,"date":"2023-02-16T08:30:00","date_gmt":"2023-02-16T14:30:00","guid":{"rendered":"http:\/\/www.zonaroja.com.mx\/?p=51719"},"modified":"2023-02-16T07:26:13","modified_gmt":"2023-02-16T13:26:13","slug":"otra-vez-la-marina-desaloja-con-violencia-a-opositores-al-corredor-interoceanico","status":"publish","type":"post","link":"https:\/\/zonaroja.com.mx\/?p=51719","title":{"rendered":"Otra vez, la Marina desaloja con violencia a opositores al Corredor Interoce\u00e1nico"},"content":{"rendered":"\n<p>Redacci\u00f3n\/Zona Roja.<\/p>\n\n\n\n<p>Oaxaca de Ju\u00e1rez, Oax., a 16 de febrero de 2023.- \u00ab\u00a1Miren, miren, c\u00f3mo andan haciendo estos amigos de la Marina&#8230; me est\u00e1 empujando. S\u00f3lo queremos el bienestar de nuestro ejido!\u00bb.<\/p>\n\n\n\n<p>De nueva cuenta, el gobierno de Andr\u00e9s Manuel L\u00f3pez Obrador utiliz\u00f3 la fuerza p\u00fablica para retirar a inconformes con las obras del Corredor Interoce\u00e1nico en Oaxaca.<\/p>\n\n\n\n<p>Ocurri\u00f3 ayer elementos de la Secretar\u00eda de Marina (Semar) quitaron a empujones a ejidatarios de Palomares, municipio de Mat\u00edas Romero Avenda\u00f1o, que se manifestaban contra los trabajos de rehabilitaci\u00f3n de las v\u00edas del ferrocarril.<\/p>\n\n\n\n<p>La protesta se realizaba a la altura del puente \u201cLa Esperanza\u201d cuando arribaron elementos de la Marina a retirarlos a empellones, denunci\u00f3 la organizaci\u00f3n civil&nbsp; Uni\u00f3n de Comunidades Ind\u00edgenas de la Zona Norte del Istmo (Ucizoni).<\/p>\n\n\n\n<p>Los marinos intentaron detener adem\u00e1s al representante de la Ucizoni, Ra\u00fal Mart\u00ednez de Jes\u00fas, lo cual no lograron al protegerlo los manifestantes.<\/p>\n\n\n\n<p>En un comunicado, la organizaci\u00f3n inform\u00f3 que ayer&nbsp;un grupo de ejidatarios del n\u00facleo Palomares se movilizaron con el&nbsp; fin de suspender los trabajos de modernizaci\u00f3n del ferrocarril del Istmo de Tehuantepec.<\/p>\n\n\n\n<p>No obstante, fueron retirados por la fuerza p\u00fablica federal; \u201cen la zona se mantiene un clima de tensi\u00f3n, donde son evidentes los da\u00f1os que viene provocando la maquinaria pesada que ingres\u00f3&nbsp;hoy al ejido de Palomares\u201d, informaron.<\/p>\n\n\n\n<p>Esta es la segunda ocasi\u00f3n en que la Marina interviene para intimidar a opositores del Corredor Interoce\u00e1nico, quienes han denunciado nula consulta y despojo de sus tierras por la magna obra del Presidente Andr\u00e9s Manuel L\u00f3pez Obrador.<\/p>\n","protected":false},"excerpt":{"rendered":"<p>Redacci\u00f3n\/Zona Roja. Oaxaca de Ju\u00e1rez, Oax., a 16 de febrero de 2023.- \u00ab\u00a1Miren, miren, c\u00f3mo&hellip;<\/p>\n","protected":false},"author":2,"featured_media":51720,"comment_status":"closed","ping_status":"open","sticky":false,"template":"","format":"standard","meta":{"_lmt_disableupdate":"","_lmt_disable":"","_jetpack_memberships_contains_paid_content":false,"footnotes":""},"categories":[109,47],"tags":[2917],"class_list":["post-51719","post","type-post","status-publish","format-standard","has-post-thumbnail","hentry","category-minuto-a-minuto","category-zona-gris","tag-corredor-interoceanico-oaxaca"],"jetpack_featured_media_url":"https:\/\/zonaroja.com.mx\/wp-content\/uploads\/2023\/02\/Marina-agresion-opositores-interoceanico.jpeg","jetpack_sharing_enabled":true,"_links":{"self":[{"href":"https:\/\/zonaroja.com.mx\/index.php?rest_route=\/wp\/v2\/posts\/51719","targetHints":{"allow":["GET"]}}],"collection":[{"href":"https:\/\/zonaroja.com.mx\/index.php?rest_route=\/wp\/v2\/posts"}],"about":[{"href":"https:\/\/zonaroja.com.mx\/index.php?rest_route=\/wp\/v2\/types\/post"}],"author":[{"embeddable":true,"href":"https:\/\/zonaroja.com.mx\/index.php?rest_route=\/wp\/v2\/users\/2"}],"replies":[{"embeddable":true,"href":"https:\/\/zonaroja.com.mx\/index.php?rest_route=%2Fwp%2Fv2%2Fcomments&post=51719"}],"version-history":[{"count":1,"href":"https:\/\/zonaroja.com.mx\/index.php?rest_route=\/wp\/v2\/posts\/51719\/revisions"}],"predecessor-version":[{"id":51721,"href":"https:\/\/zonaroja.com.mx\/index.php?rest_route=\/wp\/v2\/posts\/51719\/revisions\/51721"}],"wp:featuredmedia":[{"embeddable":true,"href":"https:\/\/zonaroja.com.mx\/index.php?rest_route=\/wp\/v2\/media\/51720"}],"wp:attachment":[{"href":"https:\/\/zonaroja.com.mx\/index.php?rest_route=%2Fwp%2Fv2%2Fmedia&parent=51719"}],"wp:term":[{"taxonomy":"category","embeddable":true,"href":"https:\/\/zonaroja.com.mx\/index.php?rest_route=%2Fwp%2Fv2%2Fcategories&post=51719"},{"taxonomy":"post_tag","embeddable":true,"href":"https:\/\/zonaroja.com.mx\/index.php?rest_route=%2Fwp%2Fv2%2Ftags&post=51719"}],"curies":[{"name":"wp","href":"https:\/\/api.w.org\/{rel}","templated":true}]}}