{"id":51722,"date":"2023-02-16T07:25:16","date_gmt":"2023-02-16T13:25:16","guid":{"rendered":"http:\/\/www.zonaroja.com.mx\/?p=51722"},"modified":"2023-02-16T07:25:19","modified_gmt":"2023-02-16T13:25:19","slug":"asesinan-a-individuo-en-la-zona-conurbada-de-la-capital-de-oaxaca","status":"publish","type":"post","link":"https:\/\/zonaroja.com.mx\/?p=51722","title":{"rendered":"Asesinan a individuo en la zona conurbada de la capital de Oaxaca"},"content":{"rendered":"\n<p>Redacci\u00f3n\/Zona Roja.<\/p>\n\n\n\n<p>Oaxaca de Ju\u00e1rez, Oax., a 16 de febrero de 2023.- Una persona del sexo masculino que recibi\u00f3 al menos siete impactos de arma de fuego en San Pedro Ixtlahuaca, muri\u00f3 cuando era trasladado a un hospital.<\/p>\n\n\n\n<p>Los hechos ocurrieron cerca de las 19:00 horas de ayer, en que las corporaciones policiacas recibieron el reporte de una persona baleada, en la calle Chontal de la colonia La Raza, perteneciente a dicho municipio conturbando a la capital de Oaxaca.<\/p>\n\n\n\n<p>Param\u00e9dicos arribaron al sitio para brindarle los primeros auxilios, pero cuando lo trasladaban a un hospital de la ciudad, muri\u00f3 en la unidad m\u00e9dica, a la altura de la comunidad de Arrazola.<\/p>\n\n\n\n<p>La v\u00edctima fue identificada de manera preliminar como Francisco V. R., de 57 a\u00f1os de edad, y presentaba tres disparos en el t\u00f3rax y el resto en las dem\u00e1s partes del cuerpo.<\/p>\n\n\n\n<p>Hasta ahora no se tiene establecido el motivo de la agresi\u00f3n armada y tampoco hay personas detenidas por este hecho.<\/p>\n","protected":false},"excerpt":{"rendered":"<p>Redacci\u00f3n\/Zona Roja. Oaxaca de Ju\u00e1rez, Oax., a 16 de febrero de 2023.- Una persona del&hellip;<\/p>\n","protected":false},"author":2,"featured_media":50335,"comment_status":"closed","ping_status":"open","sticky":false,"template":"","format":"standard","meta":{"_lmt_disableupdate":"","_lmt_disable":"","_jetpack_memberships_contains_paid_content":false,"footnotes":""},"categories":[109,51],"tags":[2140],"class_list":["post-51722","post","type-post","status-publish","format-standard","has-post-thumbnail","hentry","category-minuto-a-minuto","category-zona-roja","tag-san-pedro-ixtlahuaca"],"jetpack_featured_media_url":"https:\/\/zonaroja.com.mx\/wp-content\/uploads\/2023\/01\/Balazos-violencia-casquillos-escena.jpeg","jetpack_sharing_enabled":true,"_links":{"self":[{"href":"https:\/\/zonaroja.com.mx\/index.php?rest_route=\/wp\/v2\/posts\/51722","targetHints":{"allow":["GET"]}}],"collection":[{"href":"https:\/\/zonaroja.com.mx\/index.php?rest_route=\/wp\/v2\/posts"}],"about":[{"href":"https:\/\/zonaroja.com.mx\/index.php?rest_route=\/wp\/v2\/types\/post"}],"author":[{"embeddable":true,"href":"https:\/\/zonaroja.com.mx\/index.php?rest_route=\/wp\/v2\/users\/2"}],"replies":[{"embeddable":true,"href":"https:\/\/zonaroja.com.mx\/index.php?rest_route=%2Fwp%2Fv2%2Fcomments&post=51722"}],"version-history":[{"count":1,"href":"https:\/\/zonaroja.com.mx\/index.php?rest_route=\/wp\/v2\/posts\/51722\/revisions"}],"predecessor-version":[{"id":51723,"href":"https:\/\/zonaroja.com.mx\/index.php?rest_route=\/wp\/v2\/posts\/51722\/revisions\/51723"}],"wp:featuredmedia":[{"embeddable":true,"href":"https:\/\/zonaroja.com.mx\/index.php?rest_route=\/wp\/v2\/media\/50335"}],"wp:attachment":[{"href":"https:\/\/zonaroja.com.mx\/index.php?rest_route=%2Fwp%2Fv2%2Fmedia&parent=51722"}],"wp:term":[{"taxonomy":"category","embeddable":true,"href":"https:\/\/zonaroja.com.mx\/index.php?rest_route=%2Fwp%2Fv2%2Fcategories&post=51722"},{"taxonomy":"post_tag","embeddable":true,"href":"https:\/\/zonaroja.com.mx\/index.php?rest_route=%2Fwp%2Fv2%2Ftags&post=51722"}],"curies":[{"name":"wp","href":"https:\/\/api.w.org\/{rel}","templated":true}]}}