{"id":51727,"date":"2023-02-16T09:37:00","date_gmt":"2023-02-16T15:37:00","guid":{"rendered":"http:\/\/www.zonaroja.com.mx\/?p=51727"},"modified":"2023-02-16T07:42:11","modified_gmt":"2023-02-16T13:42:11","slug":"en-oaxaca-cero-tolerancia-a-la-violencia-contra-las-mujeres-y-la-ninez","status":"publish","type":"post","link":"https:\/\/zonaroja.com.mx\/?p=51727","title":{"rendered":"En Oaxaca, cero tolerancia a la violencia contra las mujeres y la ni\u00f1ez"},"content":{"rendered":"\n<p>Redacci\u00f3n\/Zona Roja.&nbsp;<\/p>\n\n\n\n<p>Oaxaca de Ju\u00e1rez, Oax., a 16 de febrero de 2023.-&nbsp;Este mi\u00e9rcoles, el pleno del Congreso del Estado aprob\u00f3 reformas constitucionales para evitar que personas que cometen violencia de g\u00e9nero o est\u00e1n en el padr\u00f3n de deudores alimentarios, accedan a cargos p\u00fablicos.<\/p>\n\n\n\n<p>La presidenta de la Comisi\u00f3n Permanente de Mujeres e Igualdad de G\u00e9nero en la 65 Legislatura, Mariana Ben\u00edtez Tiburcio celebr\u00f3 la aprobaci\u00f3n por mayor\u00eda de su iniciativa&nbsp;3 de 3 contra la violencia de g\u00e9nero, que propone que las personas agresoras de mujeres, ni\u00f1as, ni\u00f1os y adolescentes no puedan acceder a cargos de decisi\u00f3n en el servicio p\u00fablico.&nbsp;<\/p>\n\n\n\n<p>En tribuna, precis\u00f3 que el 30 de noviembre de 2021, present\u00f3 esta iniciativa misma que exige que quienes aspiren a cargos p\u00fablicos, no deben tener condenas por delitos de violencia familiar y de g\u00e9nero, ni tampoco por delitos de violencia sexual o ser deudores alimentarios morosos.&nbsp;<\/p>\n\n\n\n<p>La congresista local asever\u00f3 que estos requisitos se integraron en esta propuesta, debido a que los delitos de violencia familiar son los que tienen una mayor incidencia delictiva en el pa\u00eds y a nivel estatal.<\/p>\n\n\n\n<figure class=\"wp-block-embed is-type-rich is-provider-twitter wp-block-embed-twitter\"><div class=\"wp-block-embed__wrapper\">\n<div class=\"twitter-tweet\"><blockquote class=\"twitter-tweet\" data-lang=\"es\"><p lang=\"es\" dir=\"ltr\"><a href=\"https:\/\/twitter.com\/hashtag\/%C3%9AltimoMinuto?src=hash&amp;ref_src=twsrc%5Etfw\">#\u00daltimoMinuto<\/a><br>Tras la aprobaci\u00f3n del <a href=\"https:\/\/twitter.com\/CongresoOaxaca_?ref_src=twsrc%5Etfw\">@CongresoOaxaca_<\/a>, la diputada <a href=\"https:\/\/twitter.com\/marianabenitezt?ref_src=twsrc%5Etfw\">@marianabenitezt<\/a> destac\u00f3 la reforma -que ella present\u00f3 desde 2021- contra la violencia de g\u00e9nero, que impedir\u00e1 que agresores de mujeres y ni\u00f1as, as\u00ed como deudores alimentarios morosos ocupen cargos de poder. <a href=\"https:\/\/t.co\/0ejF45eFwg\">pic.twitter.com\/0ejF45eFwg<\/a><\/p>&mdash; Zona Roja Oaxaca (@ZonaRoja_Oaxaca) <a href=\"https:\/\/twitter.com\/ZonaRoja_Oaxaca\/status\/1626004744752734208?ref_src=twsrc%5Etfw\">15 de febrero de 2023<\/a><\/blockquote><\/div>\n<\/div><\/figure>\n\n\n\n<p>\u201cEn 2022 se iniciaron m\u00e1s de siete mil carpetas de investigaci\u00f3n por violencia familiar; y se abrieron m\u00e1s de mil 600 carpetas por violencia sexual manifestada en delitos de violaci\u00f3n, abuso y hostigamiento sexual en la Fiscal\u00eda General del Estado de Oaxaca\u201d, afirm\u00f3.&nbsp;<\/p>\n\n\n\n<p>Mariana Ben\u00edtez indic\u00f3 que la Suprema Corte de Justicia de la Naci\u00f3n resolvi\u00f3 la validez y proporcionalidad de estos requisitos, resaltando que el Estado debe actuar en congruencia con lo que busca proteger, por lo cual resulta fundamental que los servidores p\u00fablicos act\u00faen de igual manera para elevar los est\u00e1ndares en la administraci\u00f3n gubernamental.&nbsp;<\/p>\n\n\n\n<p>La legisladora sostuvo que en Oaxaca no se debe permitir que personas que llegan al poder con antecedentes de violencia, sobre todo contra las mujeres y la ni\u00f1ez, accedan a cargos de decisi\u00f3n. \u201cCon esta reforma el Estado de Oaxaca env\u00eda un mensaje a la sociedad de cero tolerancia a la violencia contra las mujeres y la ni\u00f1ez\u201d, indic\u00f3.&nbsp;<\/p>\n\n\n\n<p>Asimismo, celebr\u00f3 la decisi\u00f3n del Gobernador del Estado, Salom\u00f3n Jara Cruz de sumarse como aliado de las mujeres, al cerrarle el paso a deudores alimentarios en la administraci\u00f3n p\u00fablica dentro de su iniciativa que present\u00f3 el pasado 1 de febrero.<\/p>\n\n\n\n<p>\u201cCon la aprobaci\u00f3n de esta iniciativa Oaxaca hace historia, al ser junto con Yucat\u00e1n los estados con la legislaci\u00f3n m\u00e1s completa en materia de requisitos 3 de 3 contra la violencia\u201d, concluy\u00f3.&nbsp;<\/p>\n","protected":false},"excerpt":{"rendered":"<p>Redacci\u00f3n\/Zona Roja.&nbsp; Oaxaca de Ju\u00e1rez, Oax., a 16 de febrero de 2023.-&nbsp;Este mi\u00e9rcoles, el pleno&hellip;<\/p>\n","protected":false},"author":2,"featured_media":51728,"comment_status":"closed","ping_status":"open","sticky":false,"template":"","format":"standard","meta":{"_lmt_disableupdate":"","_lmt_disable":"","_jetpack_memberships_contains_paid_content":false,"footnotes":""},"categories":[109,46],"tags":[2969],"class_list":["post-51727","post","type-post","status-publish","format-standard","has-post-thumbnail","hentry","category-minuto-a-minuto","category-zona-blanca","tag-mariana-benitez-tiburcio"],"jetpack_featured_media_url":"https:\/\/zonaroja.com.mx\/wp-content\/uploads\/2023\/02\/Mariana-Benitez-Tiburcio.jpg","jetpack_sharing_enabled":true,"_links":{"self":[{"href":"https:\/\/zonaroja.com.mx\/index.php?rest_route=\/wp\/v2\/posts\/51727","targetHints":{"allow":["GET"]}}],"collection":[{"href":"https:\/\/zonaroja.com.mx\/index.php?rest_route=\/wp\/v2\/posts"}],"about":[{"href":"https:\/\/zonaroja.com.mx\/index.php?rest_route=\/wp\/v2\/types\/post"}],"author":[{"embeddable":true,"href":"https:\/\/zonaroja.com.mx\/index.php?rest_route=\/wp\/v2\/users\/2"}],"replies":[{"embeddable":true,"href":"https:\/\/zonaroja.com.mx\/index.php?rest_route=%2Fwp%2Fv2%2Fcomments&post=51727"}],"version-history":[{"count":1,"href":"https:\/\/zonaroja.com.mx\/index.php?rest_route=\/wp\/v2\/posts\/51727\/revisions"}],"predecessor-version":[{"id":51729,"href":"https:\/\/zonaroja.com.mx\/index.php?rest_route=\/wp\/v2\/posts\/51727\/revisions\/51729"}],"wp:featuredmedia":[{"embeddable":true,"href":"https:\/\/zonaroja.com.mx\/index.php?rest_route=\/wp\/v2\/media\/51728"}],"wp:attachment":[{"href":"https:\/\/zonaroja.com.mx\/index.php?rest_route=%2Fwp%2Fv2%2Fmedia&parent=51727"}],"wp:term":[{"taxonomy":"category","embeddable":true,"href":"https:\/\/zonaroja.com.mx\/index.php?rest_route=%2Fwp%2Fv2%2Fcategories&post=51727"},{"taxonomy":"post_tag","embeddable":true,"href":"https:\/\/zonaroja.com.mx\/index.php?rest_route=%2Fwp%2Fv2%2Ftags&post=51727"}],"curies":[{"name":"wp","href":"https:\/\/api.w.org\/{rel}","templated":true}]}}