{"id":51732,"date":"2023-02-16T15:44:00","date_gmt":"2023-02-16T21:44:00","guid":{"rendered":"http:\/\/www.zonaroja.com.mx\/?p=51732"},"modified":"2023-02-16T18:11:27","modified_gmt":"2023-02-17T00:11:27","slug":"p2-4","status":"publish","type":"post","link":"https:\/\/zonaroja.com.mx\/?p=51732","title":{"rendered":"Escalan protestas de normalistas en Oaxaca por \u201cenga\u00f1os y mentiras\u201d de gobierno"},"content":{"rendered":"\n<p>Yuridiana Sosa\/Zona Roja.<\/p>\n\n\n\n<p>Oaxaca de Ju\u00e1rez, Oax., a 16 de febrero de 2023.- Al acusar enga\u00f1os y mentiras por parte de funcionarios del IEEPO y de la Secretar\u00eda de Gobierno (Sego), egresados de escuelas Normales intensificaron este jueves sus protestas.<\/p>\n\n\n\n<p>Minutos despu\u00e9s de las 14:00 horas, un contingente arrib\u00f3 frente al Palacio de Gobierno, para quemar dos llantas, adem\u00e1s de vandalizar columnas y el corredor interior del inmueble hist\u00f3rico.<\/p>\n\n\n\n<p>Tras ello, dieron un posicionamiento en que reiteraron que el Instituto Estatal de Educaci\u00f3n P\u00fablica de Oaxaca (IEEPO) y la Secretar\u00eda de Gobierno (Sego) se burlaron de ello, al ofrecerles una mesa de di\u00e1logo.<\/p>\n\n\n\n<p>Pero en lugar de ello, les echaron a pobladores y autoridad de San Felipe del Agua, agencia cuya vialidad principal bloquearon el pasado martes, lo que arroj\u00f3 varios lesionados, seg\u00fan dijeron.<\/p>\n\n\n\n<p>Tras el mitin y la quema de llantas, se retiraron a su campamento en las calles Guerrero y Armenta y L\u00f3pez; minutos despu\u00e9s arribaron elementos de la Polic\u00eda Estatal y de Bomberos, s\u00f3lo para retirar los escombros y algunas cartulinas pegadas.<\/p>\n\n\n\n<p>DEFIENDE SECCI\u00d3N 22<\/p>\n\n\n\n<p>Por otra parte, la dirigencia de la Secci\u00f3n 22 del Sindicato Nacional de Trabajadores de la Educaci\u00f3n (SNTE) reafirm\u00f3 su respaldo a la lucha de los egresados normalistas, por lo que reprob\u00f3 el desalojo al bloqueo efectuado en su contra por habitantes de la agencia de San Felipe del Agua, de la ciudad de Oaxaca.<\/p>\n\n\n\n<p>La gremial defendi\u00f3 las acciones que realizan los normalistas en busca de la contrataci\u00f3n inmediata, pese a que han causado afectaciones a la ciudadan\u00eda con la \u201ctoma\u201d de urbanos, robo de mercanc\u00edas a camiones repartidores y cierre de calles, como volvi\u00f3 a ocurrir el pasado 14 de febrero.<\/p>\n\n\n\n<p>\u201cAlto a las agresiones al normalismo, fuera las manos del Estado\u201d, exigi\u00f3 la Secci\u00f3n 22 al retiro de la protesta tras varias horas de bloqueo a la avenida San Felipe, en una de las arter\u00edas principales de esa agencia, hasta donde lleg\u00f3 la autoridad auxiliar y habitantes para liberar la calle.<\/p>\n\n\n\n<p>Se\u00f1alaron como responsables de orquestar la confrontaci\u00f3n al Secretario de Gobierno, Jes\u00fas Romero L\u00f3pez y al agente municipal de San Felipe del Agua Jaime Alberto Cruz Valera, ocupando estrategias \u201cestilo de Jorge Franco Vargas \u00abEl Chuki\u201d, en el movimiento de 2006.<\/p>\n\n\n\n<p>Apuntaron que personas a bordo de camionetas blancas, portando armas y bajo el influjo del alcohol, llegaron a la protesta de los egresados normalistas para provocar una agresi\u00f3n.<\/p>\n\n\n\n<p>Ante el hecho, la dirigencia exigi\u00f3 al gobernador Salom\u00f3n Jara que ordene al titular de la Secretar\u00eda de Gobierno \u201csacra las manos de la lucha de los egresados\u201d, pues adem\u00e1s de la confrontaci\u00f3n con la ciudadan\u00eda \u201cest\u00e1 poniendo en riesgo el proceso de di\u00e1logo que se construye con la dirigencia sindical\u201d.<\/p>\n\n\n\n<p>En este proceso, la Secci\u00f3n 22 tambi\u00e9n rechaza la contrataci\u00f3n por medio del Sistema de la Carrera de las Maestras y los Maestros (USICAMM) y exige la contrataci\u00f3n inmediata y sin condiciones para los normalistas.<\/p>\n\n\n\n<p>El movimiento de egresados se declar\u00f3 en alerta m\u00e1xima para reforzar su lucha y responsabiliz\u00f3 al gobierno del estado de cualquier incidencia en su contra.<\/p>\n\n\n\n<figure class=\"wp-block-embed is-type-rich is-provider-twitter wp-block-embed-twitter\"><div class=\"wp-block-embed__wrapper\">\n<div class=\"twitter-tweet\"><blockquote class=\"twitter-tweet\" data-lang=\"es\"><p lang=\"es\" dir=\"ltr\"><a href=\"https:\/\/twitter.com\/hashtag\/%C3%9AltimoMinuto?src=hash&amp;ref_src=twsrc%5Etfw\">#\u00daltimoMinuto<\/a> <br>Y los elementos del <a href=\"https:\/\/twitter.com\/Bomberos_GobOax?ref_src=twsrc%5Etfw\">@Bomberos_GobOax<\/a> llegaron tambi\u00e9n tarde al z\u00f3calo de la ciudad de <a href=\"https:\/\/twitter.com\/hashtag\/Oaxaca?src=hash&amp;ref_src=twsrc%5Etfw\">#Oaxaca<\/a>, una vez que se hab\u00edan consumido las llantas que quemaron los normalistas frente al Palacio de Gobierno. <a href=\"https:\/\/t.co\/CjqUW5abnm\">pic.twitter.com\/CjqUW5abnm<\/a><\/p>&mdash; Zona Roja Oaxaca (@ZonaRoja_Oaxaca) <a href=\"https:\/\/twitter.com\/ZonaRoja_Oaxaca\/status\/1626336684366524416?ref_src=twsrc%5Etfw\">16 de febrero de 2023<\/a><\/blockquote><\/div>\n<\/div><\/figure>\n","protected":false},"excerpt":{"rendered":"<p>Yuridiana Sosa\/Zona Roja. Oaxaca de Ju\u00e1rez, Oax., a 16 de febrero de 2023.- Al acusar&hellip;<\/p>\n","protected":false},"author":2,"featured_media":51737,"comment_status":"closed","ping_status":"open","sticky":false,"template":"","format":"standard","meta":{"_lmt_disableupdate":"","_lmt_disable":"","_jetpack_memberships_contains_paid_content":false,"footnotes":""},"categories":[47],"tags":[1916],"class_list":["post-51732","post","type-post","status-publish","format-standard","has-post-thumbnail","hentry","category-zona-gris","tag-protestas-estudiantes-normalistas-de-oaxaca"],"jetpack_featured_media_url":"https:\/\/zonaroja.com.mx\/wp-content\/uploads\/2023\/02\/Normalistas-vandalismo-Oaxaca-palacio.jpg","jetpack_sharing_enabled":true,"_links":{"self":[{"href":"https:\/\/zonaroja.com.mx\/index.php?rest_route=\/wp\/v2\/posts\/51732","targetHints":{"allow":["GET"]}}],"collection":[{"href":"https:\/\/zonaroja.com.mx\/index.php?rest_route=\/wp\/v2\/posts"}],"about":[{"href":"https:\/\/zonaroja.com.mx\/index.php?rest_route=\/wp\/v2\/types\/post"}],"author":[{"embeddable":true,"href":"https:\/\/zonaroja.com.mx\/index.php?rest_route=\/wp\/v2\/users\/2"}],"replies":[{"embeddable":true,"href":"https:\/\/zonaroja.com.mx\/index.php?rest_route=%2Fwp%2Fv2%2Fcomments&post=51732"}],"version-history":[{"count":2,"href":"https:\/\/zonaroja.com.mx\/index.php?rest_route=\/wp\/v2\/posts\/51732\/revisions"}],"predecessor-version":[{"id":51739,"href":"https:\/\/zonaroja.com.mx\/index.php?rest_route=\/wp\/v2\/posts\/51732\/revisions\/51739"}],"wp:featuredmedia":[{"embeddable":true,"href":"https:\/\/zonaroja.com.mx\/index.php?rest_route=\/wp\/v2\/media\/51737"}],"wp:attachment":[{"href":"https:\/\/zonaroja.com.mx\/index.php?rest_route=%2Fwp%2Fv2%2Fmedia&parent=51732"}],"wp:term":[{"taxonomy":"category","embeddable":true,"href":"https:\/\/zonaroja.com.mx\/index.php?rest_route=%2Fwp%2Fv2%2Fcategories&post=51732"},{"taxonomy":"post_tag","embeddable":true,"href":"https:\/\/zonaroja.com.mx\/index.php?rest_route=%2Fwp%2Fv2%2Ftags&post=51732"}],"curies":[{"name":"wp","href":"https:\/\/api.w.org\/{rel}","templated":true}]}}