{"id":51740,"date":"2023-02-16T07:12:00","date_gmt":"2023-02-16T13:12:00","guid":{"rendered":"http:\/\/www.zonaroja.com.mx\/?p=51740"},"modified":"2023-02-16T18:17:30","modified_gmt":"2023-02-17T00:17:30","slug":"oaxaca-sigue-siendo-de-los-estados-mas-pobres-de-mexico-segun-el-coneval","status":"publish","type":"post","link":"https:\/\/zonaroja.com.mx\/?p=51740","title":{"rendered":"Oaxaca sigue siendo de los estados m\u00e1s pobres de M\u00e9xico, seg\u00fan el Coneval"},"content":{"rendered":"\n<p>Yuridiana Sosa\/Zona Roja.<\/p>\n\n\n\n<p>Oaxaca de Ju\u00e1rez, Oax., a 16 de febrero de 2023.- Oaxaca sigue encabezando los \u00edndices de pobreza y pobreza extrema en M\u00e9xico, as\u00ed como de carencia social, rezago educativo, servicios de salud entre otros, de acuerdo al Informe de Evaluaci\u00f3n de la Pol\u00edtica de Desarrollo Social 2022 (IEPDS 2022).<\/p>\n\n\n\n<p>El reporte, realizado por el Consejo Nacional de Evaluaci\u00f3n de la Pol\u00edtica de Desarrollo Social (Coneval) donde se eval\u00faa la pobreza multidimensional en M\u00e9xico entre 2018 y 2020 y del comportamiento de la pobreza laboral hasta 2022, refiere que Oaxaca, Chiapas y Guerrero cuentan con el mayor porcentaje de poblaci\u00f3n en situaci\u00f3n de pobreza, as\u00ed como los municipios con porcentaje m\u00e1s alto en situaci\u00f3n de pobreza extrema se localizaron dichas entidades.<\/p>\n\n\n\n<p>Los datos del a\u00f1o 2020 indican que la mayor concentraci\u00f3n de la pobreza se ubica en las regiones que hist\u00f3ricamente han registrado los mayores rezagos: la del Nayar, la Tarahumara, Altos de Chiapas y la Mixteca en Oaxaca, Puebla y Guerrero.<\/p>\n\n\n\n<p>OAXACA POBRE<\/p>\n\n\n\n<p>Datos del IEPDS 2022 muestran que el porcentaje de la poblaci\u00f3n en situaci\u00f3n de pobreza Oaxaca pas\u00f3 de 64.3 por ciento en 2018 a 61.7 por ciento en 2020, con una reducci\u00f3n de 2.6 puntos, pero aun as\u00ed ocupa el cuarto lugar.<\/p>\n\n\n\n<p>En cuanto a la poblaci\u00f3n en situaci\u00f3n de pobreza extrema, nuevamente Chiapas, Guerrero y Oaxaca se posicionaron dentro de las entidades con mayor porcentaje de poblaci\u00f3n entre 2018 y 2020.<\/p>\n\n\n\n<p>Oaxaca ocupa el tercer lugar en pobreza extrema, con el 20.6 por ciento, con una diferencia de menos uno (-1) por ciento respecto al 2018; Chiapas, 29 por ciento y Guerrero, 25.5 por ciento.<\/p>\n\n\n\n<p>Por Carencia Social, en el \u00e1mbito de rezago educativo, tanto en 2018 como en 2020, se identific\u00f3 el mayor impacto negativo en Chiapas , con 31.2 por ciento en 2018 y 32.5 por ciento en 2020, seguido de Oaxaca, con 29.6 por ciento en los dos a\u00f1os, sin cambio,&nbsp; y Michoac\u00e1n 27 por ciento en 2018 y 29.4 por ciento en 2020.<\/p>\n\n\n\n<p>Dentro de la materia educativa Chiapas, Guerrero y Oaxaca registraron los mayores porcentajes de poblaci\u00f3n analfabeta, con valores superiores al nivel nacional, con un 13.7 por ciento, 12.5 por ciento y 11.8 por ciento, respectivamente.<\/p>\n\n\n\n<p>En Oaxaca, el abandono escolar m\u00e1s alto fue el de la educaci\u00f3n secundaria, con el seis por ciento, por debajo de Michoac\u00e1n 8.1 por ciento.<\/p>\n\n\n\n<p>Otro indicador importante es el del porcentaje de poblaci\u00f3n de tres a 29 a\u00f1os con ingreso inferior a la l\u00ednea de pobreza que asiste a educaci\u00f3n p\u00fablica obligatoria y recibe beca, mientras a nivel nacional es de 22.7 por ciento en 2020, en Oaxaca es de 38.9 por ciento.<\/p>\n\n\n\n<p>OTRAS CARENCIAS<\/p>\n\n\n\n<p>En lo que respecta a la accesibilidad econ\u00f3mica, en M\u00e9xico, de 2018 a 2020, el porcentaje de hogares con gasto catastr\u00f3fico en salud casi se duplic\u00f3, al pasar de 2.1 por ciento a 3.9 por ciento. Para el 2020, el 13.5 por ciento de la poblaci\u00f3n derechohabiente gast\u00f3 en servicios m\u00e9dicos la \u00faltima vez que recibi\u00f3 atenci\u00f3n m\u00e9dica en instituciones p\u00fablicas, pero en Oaxaca y Chiapas m\u00e1s de una cuarta parte de la poblaci\u00f3n derechohabiente tuvo que efectuar este tipo de desembolso, en un 26.2 por ciento y 32.3 por ciento, respectivamente.<\/p>\n\n\n\n<p>Entre 2018 y 2020, Oaxaca, Guerrero, Chiapas y Michoac\u00e1n fueron las entidades que mayor aumento en el porcentaje de personas con carencia por acceso a los servicios de salud.<\/p>\n\n\n\n<p>En ese sentido, Oaxaca ocupa el tercer lugar con el 36.9 por ciento en 2020, lo cual es peor al 2018 cuando registr\u00f3 el 16.3 por ciento.<\/p>\n\n\n\n<p>Por carencia a la seguridad social, tambi\u00e9n la entidad oaxaque\u00f1a ocupa el tercer lugar, despu\u00e9s de Chiapas y Guerrero, al pasar de 78.3 por ciento en 2018 a 73 por ciento en 2020.<\/p>\n\n\n\n<p>Oaxaca es el segundo estado con el porcentaje m\u00e1s alto de la poblaci\u00f3n con carencia por calidad y espacios de la vivienda, despu\u00e9s de Guerrero, con una reducci\u00f3n en la calidad entre el 2018 y 2020, al pasar de 25.1 por ciento a 22.7 por ciento.<\/p>\n\n\n\n<p>La poblaci\u00f3n con carencia por acceso a los servicios b\u00e1sicos tambi\u00e9n es alta en Oaxaca, ocupando el tercer lugar con el 53.7 por ciento.<\/p>\n\n\n\n<p>Respecto a la poblaci\u00f3n con carencia por acceso a la alimentaci\u00f3n nutritiva y de calidad, por los dos a\u00f1os, Tabasco con el 50 por ciento en 2018 y 43.3 por ciento en 2020; Guerrero, 38.9 por ciento y 36.1 por ciento, y Oaxaca con el 32 por ciento y 33.3 por ciento, son las entidades con mayor proporci\u00f3n de poblaci\u00f3n con carencia por acceso a la alimentaci\u00f3n nutritiva y de calidad.<\/p>\n\n\n\n<p>En 2020 menos de una cuarta parte de la poblaci\u00f3n, 23 por ciento, en Oaxaca es menor con el 14.7 por ciento.<\/p>\n\n\n\n<p>As\u00ed tambi\u00e9n, el porcentaje de la poblaci\u00f3n con ingreso inferior a la l\u00ednea de pobreza extrema, Oaxaca es el tercer lugar al pasar de 30.4 por ciento en 2018 a 28.7 por ciento en 2020; y en cuanto al porcentaje de la poblaci\u00f3n con ingreso inferior a la l\u00ednea de pobreza, es el sexto lugar con el 67. Por ciento en 2018 y 64.1 en 2020.<\/p>\n\n\n\n<p>POBREZA URBANA<\/p>\n\n\n\n<p>En el reporte de Pobreza por localidad urbana, 2020, el Coneval inform\u00f3 que en Oaxaca 74 localidades urbanas, al menos nueve de cada 10 personas de tres a\u00f1os o m\u00e1s hablaba alguna lengua ind\u00edgena, la mayor\u00eda de estas localidades ten\u00edan 80 por ciento o m\u00e1s de poblaci\u00f3n en situaci\u00f3n de pobreza.<\/p>\n\n\n\n<p>En Santiago Tapextla y Santo Domingo Armenta se registraron en el rango m\u00e1s alto de pobreza y pertenecen a las siete localidades de Oaxaca donde al menos el 90 por ciento de la poblaci\u00f3n era afrodescendiente.<\/p>\n\n\n\n<p>Santa In\u00e9s Yatzeche, Santa Mar\u00eda Temaxcalapa, Santa Mar\u00eda Alotepec, San Bartolom\u00e9 Quialana, San Juan Juquila Mixes y San Andr\u00e9s Ya\u00e1 el porcentaje de pobreza oscilaba entre 60 por ciento y menos de 80 por ciento.<\/p>\n\n\n\n<p>NACIONAL<\/p>\n\n\n\n<p>La distribuci\u00f3n territorial de la pobreza extrema mostr\u00f3 una tendencia a concentrarse en las regiones altas y de accesibilidad baja, estas son coincidentes en su mayor\u00eda con las regiones ind\u00edgenas.<\/p>\n\n\n\n<p>El porcentaje de poblaci\u00f3n en situaci\u00f3n de pobreza en M\u00e9xico creci\u00f3, y pas\u00f3 de 41.9 por ciento en 2018 al 43.9 por ciento, al 2020.<\/p>\n\n\n\n<p>Sobre la pobreza extrema, en t\u00e9rminos relativos se identifica una mayor incidencia en las zonas rurales en ambos a\u00f1os, con 16.2 por ciento en 2018 y 16.7 por ciento en 2020. En las zonas urbanas fue de cuatro por ciento y 6.1 por ciento respectivamente.<\/p>\n\n\n\n<p>Eso significa que el n\u00famero de personas en situaci\u00f3n de pobreza extrema se mantuvo en 4.9 millones, mientras que, en las zonas urbanas se registr\u00f3 un aumento de 3.8 a 5.9 millones de personas.<\/p>\n\n\n\n<p>Estos cambios implican que, para 2020, se concentra un mayor n\u00famero de personas en situaci\u00f3n de pobreza extrema en las zonas urbanas, a diferencia de lo que se hab\u00eda registrado en 2018 cuando era mayor la concentraci\u00f3n en las zonas rurales.<\/p>\n","protected":false},"excerpt":{"rendered":"<p>Yuridiana Sosa\/Zona Roja. Oaxaca de Ju\u00e1rez, Oax., a 16 de febrero de 2023.- Oaxaca sigue&hellip;<\/p>\n","protected":false},"author":2,"featured_media":32649,"comment_status":"closed","ping_status":"open","sticky":false,"template":"","format":"standard","meta":{"_lmt_disableupdate":"","_lmt_disable":"","_jetpack_memberships_contains_paid_content":false,"footnotes":""},"categories":[109,47],"tags":[],"class_list":["post-51740","post","type-post","status-publish","format-standard","has-post-thumbnail","hentry","category-minuto-a-minuto","category-zona-gris"],"jetpack_featured_media_url":"https:\/\/zonaroja.com.mx\/wp-content\/uploads\/2021\/10\/Adulto-Mayor-pobreza.jpg","jetpack_sharing_enabled":true,"_links":{"self":[{"href":"https:\/\/zonaroja.com.mx\/index.php?rest_route=\/wp\/v2\/posts\/51740","targetHints":{"allow":["GET"]}}],"collection":[{"href":"https:\/\/zonaroja.com.mx\/index.php?rest_route=\/wp\/v2\/posts"}],"about":[{"href":"https:\/\/zonaroja.com.mx\/index.php?rest_route=\/wp\/v2\/types\/post"}],"author":[{"embeddable":true,"href":"https:\/\/zonaroja.com.mx\/index.php?rest_route=\/wp\/v2\/users\/2"}],"replies":[{"embeddable":true,"href":"https:\/\/zonaroja.com.mx\/index.php?rest_route=%2Fwp%2Fv2%2Fcomments&post=51740"}],"version-history":[{"count":1,"href":"https:\/\/zonaroja.com.mx\/index.php?rest_route=\/wp\/v2\/posts\/51740\/revisions"}],"predecessor-version":[{"id":51741,"href":"https:\/\/zonaroja.com.mx\/index.php?rest_route=\/wp\/v2\/posts\/51740\/revisions\/51741"}],"wp:featuredmedia":[{"embeddable":true,"href":"https:\/\/zonaroja.com.mx\/index.php?rest_route=\/wp\/v2\/media\/32649"}],"wp:attachment":[{"href":"https:\/\/zonaroja.com.mx\/index.php?rest_route=%2Fwp%2Fv2%2Fmedia&parent=51740"}],"wp:term":[{"taxonomy":"category","embeddable":true,"href":"https:\/\/zonaroja.com.mx\/index.php?rest_route=%2Fwp%2Fv2%2Fcategories&post=51740"},{"taxonomy":"post_tag","embeddable":true,"href":"https:\/\/zonaroja.com.mx\/index.php?rest_route=%2Fwp%2Fv2%2Ftags&post=51740"}],"curies":[{"name":"wp","href":"https:\/\/api.w.org\/{rel}","templated":true}]}}