{"id":51742,"date":"2023-02-16T18:23:00","date_gmt":"2023-02-17T00:23:00","guid":{"rendered":"http:\/\/www.zonaroja.com.mx\/?p=51742"},"modified":"2023-02-16T18:23:02","modified_gmt":"2023-02-17T00:23:02","slug":"congreso-de-oaxaca-senala-extrema-violencia-llama-sego-sspc-y-fgeo-a-trabajar","status":"publish","type":"post","link":"https:\/\/zonaroja.com.mx\/?p=51742","title":{"rendered":"Congreso de Oaxaca se\u00f1ala extrema violencia; llama Sego, SSPC y FGEO a trabajar"},"content":{"rendered":"\n<p>Yuridiana Sosa\/Zona Roja.<\/p>\n\n\n\n<p>Oaxaca de Ju\u00e1rez, Oax., a 16 de febrero de 2023.- Los incesantes hechos violentos en las diferentes regiones de Oaxaca y la falta de una pol\u00edtica interna que oriente a la paz ciudadana, que han dejado saldos rojos en p\u00e9rdidas de vidas humanas, alert\u00f3 a la 65 Legislatura del Congreso local para realizar llamados a las autoridades correspondientes.<\/p>\n\n\n\n<p>Fue a trav\u00e9s de cr\u00edtica puntual de la diputada Mar\u00eda Luisa Matus y de un exhorto por parte de la Comisi\u00f3n Permanente de Seguridad y Protecci\u00f3n Ciudadana, en la sesi\u00f3n ordinaria del mi\u00e9rcoles, que se llam\u00f3 al Poder Ejecutivo a realizar acciones efectivas a favor de la seguridad de los oaxaque\u00f1os.<\/p>\n\n\n\n<p>En su intervenci\u00f3n en tribuna, la diputada del PRI, Mar\u00eda Luisa record\u00f3 la ola de violencia durante esta semana, en la que incluso se ven involucradas autoridades municipales, elementos policiales y organizaciones sociales.<\/p>\n\n\n\n<p>Enfatiz\u00f3 sobre los ataques armados son p\u00e9rdidas de cuatro vidas en la regi\u00f3n triqui, hasta la masacre de Santiago Amoltepec en la Sierra Sur, con saldo de cinco personas asesinadas; el ataque armado a elementos de la polic\u00eda de Santa Cruz Xoxocotl\u00e1n con la p\u00e9rdida de un elemento, hasta la violencia dentro de las oficinas de la Secretar\u00eda de Gobierno por autoridades de San Mateo R\u00edo Hondo.<\/p>\n\n\n\n<p>A ello, dijo, se suma la localizaci\u00f3n de cuerpos sin vida, algunos ejecutados con se\u00f1ales de tortura. Entre los m\u00e1s recientes hallazgos, dijo, el de San Jos\u00e9 Chiltepec, en la regi\u00f3n de la Cuenca.<\/p>\n\n\n\n<p>\u201cEs lamentable lo que vivimos en Oaxaca, eso hago un llamado a quienes hoy tienen el encargo en estas dependencias para hacer uso de los que tiene en sus manos, de las leyes, de la negociaci\u00f3n y pacificaci\u00f3n. Nuestro estado no puede seguir en la ola de violencia\u201d, sentenci\u00f3 la legisladora.<\/p>\n\n\n\n<figure class=\"wp-block-embed is-type-rich is-provider-twitter wp-block-embed-twitter\"><div class=\"wp-block-embed__wrapper\">\n<div class=\"twitter-tweet\"><blockquote class=\"twitter-tweet\" data-lang=\"es\"><p lang=\"es\" dir=\"ltr\">La grave inseguridad en <a href=\"https:\/\/twitter.com\/hashtag\/Oaxaca?src=hash&amp;ref_src=twsrc%5Etfw\">#Oaxaca<\/a>, as\u00ed como la ingobernabilidad por m\u00faltiples bloqueos carreteros y protestas, fue criticado ayer en el <a href=\"https:\/\/twitter.com\/CongresoOaxaca_?ref_src=twsrc%5Etfw\">@CongresoOaxaca_<\/a> por parte de la diputada <a href=\"https:\/\/twitter.com\/Maria_Matus?ref_src=twsrc%5Etfw\">@Maria_Matus<\/a>, quien pidi\u00f3 al gobierno de <a href=\"https:\/\/twitter.com\/salomonj?ref_src=twsrc%5Etfw\">@salomonj<\/a> aplicarse para garantizar un estado seguro. <a href=\"https:\/\/t.co\/yUFZvELmEL\">pic.twitter.com\/yUFZvELmEL<\/a><\/p>&mdash; Zona Roja Oaxaca (@ZonaRoja_Oaxaca) <a href=\"https:\/\/twitter.com\/ZonaRoja_Oaxaca\/status\/1626289061043523584?ref_src=twsrc%5Etfw\">16 de febrero de 2023<\/a><\/blockquote><\/div>\n<\/div><\/figure>\n\n\n\n<p>Y puntualiz\u00f3 que el llamado va dirigido para quienes tienen en su cargo la pol\u00edtica interna- la Secretar\u00eda de Gobierno- y la seguridad del estado- Secretario de Seguridad y Protecci\u00f3n Ciudadana-.<\/p>\n\n\n\n<p>Datos de los reportes policiales indican que en menos de 24 horas cinco personas fueron ejecutadas en Oaxaca. El m\u00e1s reciente ocurrido este jueves en jurisdicci\u00f3n de Santa Mar\u00eda El Tule, en Valles Centrales, donde fue localizado el cuerpo sin vida de un joven, maniatado con cinta adhesiva y con varios disparos de arma de fuego, uno de ellos en la nuca.<\/p>\n\n\n\n<p>En San Pedro Ixtlahuaca, en Santiago Pinotepa Nacional, Juchit\u00e1n de Zaragoza y San Jos\u00e9 Chiltepec, tambi\u00e9n se registraron asesinatos.<\/p>\n\n\n\n<p>ALTO A FEMINICIDIOS<\/p>\n\n\n\n<p>La 65 legislatura de Oaxaca aprob\u00f3 con 35 votos un exhorto a los titulares de las Fiscal\u00eda General y Secretar\u00eda de Seguridad y Protecci\u00f3n Ciudadana del Estado de Oaxaca, para que de manera urgente implementen acciones preventivas y de reacci\u00f3n inmediata ante la comisi\u00f3n del delito de feminicidio en la entidad.<\/p>\n\n\n\n<p>El dictamen con proyecto de acuerdo fue presentado por la Comisi\u00f3n Permanente de Seguridad y Protecci\u00f3n Ciudadana.<\/p>\n\n\n\n<p>Son al menos 27 feminicidios que se han registrado en la administraci\u00f3n estatal de Salom\u00f3n Jara Cruz, superiores a los registrados en el sexenio anterior en los primeros dos meses.<\/p>\n\n\n\n<p>La semana pasada se localiz\u00f3 el cuerpo sin vida de una mujer, el cual estaba en estado de descomposici\u00f3n y huellas de violencia, en jurisdicci\u00f3n de Santa Cruz Xoxocotl\u00e1n. Presuntamente habr\u00eda sido plagiada en la ciudad de Oaxaca.&nbsp;<\/p>\n","protected":false},"excerpt":{"rendered":"<p>Yuridiana Sosa\/Zona Roja. Oaxaca de Ju\u00e1rez, Oax., a 16 de febrero de 2023.- Los incesantes&hellip;<\/p>\n","protected":false},"author":2,"featured_media":51743,"comment_status":"closed","ping_status":"open","sticky":false,"template":"","format":"standard","meta":{"_lmt_disableupdate":"","_lmt_disable":"","_jetpack_memberships_contains_paid_content":false,"footnotes":""},"categories":[47],"tags":[2743],"class_list":["post-51742","post","type-post","status-publish","format-standard","has-post-thumbnail","hentry","category-zona-gris","tag-65-legislatura-del-estado-de-oaxaca"],"jetpack_featured_media_url":"https:\/\/zonaroja.com.mx\/wp-content\/uploads\/2023\/02\/Santa-Maria-El-Tule-asesinado.jpg","jetpack_sharing_enabled":true,"_links":{"self":[{"href":"https:\/\/zonaroja.com.mx\/index.php?rest_route=\/wp\/v2\/posts\/51742","targetHints":{"allow":["GET"]}}],"collection":[{"href":"https:\/\/zonaroja.com.mx\/index.php?rest_route=\/wp\/v2\/posts"}],"about":[{"href":"https:\/\/zonaroja.com.mx\/index.php?rest_route=\/wp\/v2\/types\/post"}],"author":[{"embeddable":true,"href":"https:\/\/zonaroja.com.mx\/index.php?rest_route=\/wp\/v2\/users\/2"}],"replies":[{"embeddable":true,"href":"https:\/\/zonaroja.com.mx\/index.php?rest_route=%2Fwp%2Fv2%2Fcomments&post=51742"}],"version-history":[{"count":1,"href":"https:\/\/zonaroja.com.mx\/index.php?rest_route=\/wp\/v2\/posts\/51742\/revisions"}],"predecessor-version":[{"id":51744,"href":"https:\/\/zonaroja.com.mx\/index.php?rest_route=\/wp\/v2\/posts\/51742\/revisions\/51744"}],"wp:featuredmedia":[{"embeddable":true,"href":"https:\/\/zonaroja.com.mx\/index.php?rest_route=\/wp\/v2\/media\/51743"}],"wp:attachment":[{"href":"https:\/\/zonaroja.com.mx\/index.php?rest_route=%2Fwp%2Fv2%2Fmedia&parent=51742"}],"wp:term":[{"taxonomy":"category","embeddable":true,"href":"https:\/\/zonaroja.com.mx\/index.php?rest_route=%2Fwp%2Fv2%2Fcategories&post=51742"},{"taxonomy":"post_tag","embeddable":true,"href":"https:\/\/zonaroja.com.mx\/index.php?rest_route=%2Fwp%2Fv2%2Ftags&post=51742"}],"curies":[{"name":"wp","href":"https:\/\/api.w.org\/{rel}","templated":true}]}}