{"id":51745,"date":"2023-02-16T22:14:33","date_gmt":"2023-02-17T04:14:33","guid":{"rendered":"http:\/\/www.zonaroja.com.mx\/?p=51745"},"modified":"2023-02-16T22:14:35","modified_gmt":"2023-02-17T04:14:35","slug":"realizan-foro-sectorial-sobre-sobre-infraestructuras-y-servicios-publicos","status":"publish","type":"post","link":"https:\/\/zonaroja.com.mx\/?p=51745","title":{"rendered":"Realizan foro sectorial sobre sobre Infraestructuras y Servicios P\u00fablicos"},"content":{"rendered":"\n<p>Redacci\u00f3n\/Zona Roja.<\/p>\n\n\n\n<p>Oaxaca de Ju\u00e1rez, Oax., 16 de febrero de 2023.- La Secretar\u00eda de Infraestructuras y Comunicaciones realiz\u00f3 el Foro Tem\u00e1tico Sectorial de Infraestructuras y Servicios P\u00fablicos encaminado a establecer las bases para la formulaci\u00f3n del Plan Estatal de Desarrollo (PED) 2022-2028 del gobierno que encabeza Salom\u00f3n Jara Cruz.<\/p>\n\n\n\n<p>Durante la inauguraci\u00f3n de este foro en el Centro Cultural y de Convenciones de Oaxaca, el titular de la dependencia, Netzahualc\u00f3yotl Salvatierra L\u00f3pez, se\u00f1al\u00f3 que el objetivo, como lo ha establecido el mandatario estatal, es abordar diversos temas para el desarrollo de las infraestructuras y comunicaciones de la entidad, entre ellos proyectos que se han planteado como la construcci\u00f3n de la autopista Oaxaca-Tuxtepec, o la culminaci\u00f3n de las v\u00edas Barranca Larga-Ventanilla y Mitla-Tehuantepec.<\/p>\n\n\n\n<p>\u00abLo que buscamos es que exista un equilibrio en el desarrollo de las ocho regiones del estado, que se establezca un di\u00e1logo productivo entre el gobierno y la sociedad, obedecer el mandato del pueblo, abrir la brecha para abatir la desigualdad e impulsar la interculturalidad\u00bb, afirm\u00f3.<\/p>\n\n\n\n<p>En el encuentro se trabajaron cinco mesas con los siguientes temas: Agua y Saneamiento, Comunicaciones, Desarrollo Urbano, Infraestructura Educativa y Vivienda, a trav\u00e9s de los cuales se presentaron propuestas de pol\u00edticas p\u00fablicas, proyectos, reformas a la ley y todos aquellos planteamientos que desde la \u00f3ptica local y regional son del mayor inter\u00e9s para el desarrollo de Oaxaca.<\/p>\n\n\n\n<p>\u00abReitero mi agradecimiento a todas y todos aquellos que plantearon una propuesta en los foros regionales, as\u00ed como a los m\u00e1s de 20 colegios, c\u00e1maras y asociaciones vinculadas a la industria de la construcci\u00f3n, a las y los m\u00e1s de 250 presidentes municipales, y a las y los 800 asistentes que se registraron para este foro y que participaron con sus propuestas\u201d, expres\u00f3 Netzahualc\u00f3yotl Salvatierra.<\/p>\n\n\n\n<figure class=\"wp-block-embed is-type-rich is-provider-twitter wp-block-embed-twitter\"><div class=\"wp-block-embed__wrapper\">\n<div class=\"twitter-tweet\"><blockquote class=\"twitter-tweet\" data-lang=\"es\"><p lang=\"es\" dir=\"ltr\">encabezado por el Gobernador <a href=\"https:\/\/twitter.com\/salomonj?ref_src=twsrc%5Etfw\">@salomonj<\/a>, ha establecido para el pueblo de Oaxaca:<br><br>\u2022 Equilibrio en las 8 regiones. <br>\u2022 Siempre el di\u00e1logo productivo. <br>\u2022 Obedecer el mandato del pueblo. <br>\u2022 Abatir la desigualdad e impulsar la interculturalidad.<br><br>3\/3<\/p>&mdash; Ing. Netzahualc\u00f3yotl Salvatierra L\u00f3pez (@netsalvatierra) <a href=\"https:\/\/twitter.com\/netsalvatierra\/status\/1626031658825830400?ref_src=twsrc%5Etfw\">16 de febrero de 2023<\/a><\/blockquote><\/div>\n<\/div><\/figure>\n","protected":false},"excerpt":{"rendered":"<p>Redacci\u00f3n\/Zona Roja. Oaxaca de Ju\u00e1rez, Oax., 16 de febrero de 2023.- La Secretar\u00eda de Infraestructuras&hellip;<\/p>\n","protected":false},"author":2,"featured_media":51746,"comment_status":"closed","ping_status":"open","sticky":false,"template":"","format":"standard","meta":{"_lmt_disableupdate":"","_lmt_disable":"","_jetpack_memberships_contains_paid_content":false,"footnotes":""},"categories":[109,46],"tags":[3398,3385],"class_list":["post-51745","post","type-post","status-publish","format-standard","has-post-thumbnail","hentry","category-minuto-a-minuto","category-zona-blanca","tag-netzahualcoyotl-salvatierra-lopez","tag-secretaria-de-infraestructura-y-comunicaciones-sinfra"],"jetpack_featured_media_url":"https:\/\/zonaroja.com.mx\/wp-content\/uploads\/2023\/02\/FOTO-2-Desarrollo-y-equilibrio-ejes-para-impulsar-las-infraestructuras-y-comunicaciones-en-las-ocho-regiones-de-Oaxaca.jpeg","jetpack_sharing_enabled":true,"_links":{"self":[{"href":"https:\/\/zonaroja.com.mx\/index.php?rest_route=\/wp\/v2\/posts\/51745","targetHints":{"allow":["GET"]}}],"collection":[{"href":"https:\/\/zonaroja.com.mx\/index.php?rest_route=\/wp\/v2\/posts"}],"about":[{"href":"https:\/\/zonaroja.com.mx\/index.php?rest_route=\/wp\/v2\/types\/post"}],"author":[{"embeddable":true,"href":"https:\/\/zonaroja.com.mx\/index.php?rest_route=\/wp\/v2\/users\/2"}],"replies":[{"embeddable":true,"href":"https:\/\/zonaroja.com.mx\/index.php?rest_route=%2Fwp%2Fv2%2Fcomments&post=51745"}],"version-history":[{"count":1,"href":"https:\/\/zonaroja.com.mx\/index.php?rest_route=\/wp\/v2\/posts\/51745\/revisions"}],"predecessor-version":[{"id":51747,"href":"https:\/\/zonaroja.com.mx\/index.php?rest_route=\/wp\/v2\/posts\/51745\/revisions\/51747"}],"wp:featuredmedia":[{"embeddable":true,"href":"https:\/\/zonaroja.com.mx\/index.php?rest_route=\/wp\/v2\/media\/51746"}],"wp:attachment":[{"href":"https:\/\/zonaroja.com.mx\/index.php?rest_route=%2Fwp%2Fv2%2Fmedia&parent=51745"}],"wp:term":[{"taxonomy":"category","embeddable":true,"href":"https:\/\/zonaroja.com.mx\/index.php?rest_route=%2Fwp%2Fv2%2Fcategories&post=51745"},{"taxonomy":"post_tag","embeddable":true,"href":"https:\/\/zonaroja.com.mx\/index.php?rest_route=%2Fwp%2Fv2%2Ftags&post=51745"}],"curies":[{"name":"wp","href":"https:\/\/api.w.org\/{rel}","templated":true}]}}