{"id":51748,"date":"2023-02-16T22:26:37","date_gmt":"2023-02-17T04:26:37","guid":{"rendered":"http:\/\/www.zonaroja.com.mx\/?p=51748"},"modified":"2023-02-16T22:26:38","modified_gmt":"2023-02-17T04:26:38","slug":"segundo-ejecutado-este-jueves-en-oaxaca-ahora-en-la-capital","status":"publish","type":"post","link":"https:\/\/zonaroja.com.mx\/?p=51748","title":{"rendered":"Segundo ejecutado este jueves en Oaxaca, ahora en la capital"},"content":{"rendered":"\n<p>Ismael Garc\u00eda M.\/Zona Roja.<\/p>\n\n\n\n<p>Oaxaca de Ju\u00e1rez, Oax., a 16 de febrero de 2023.- Una segunda persona fue ejecutada a balazos en Oaxaca, ahora en la ciudad capital.<\/p>\n\n\n\n<p>Ello mientras funcionarios del gabinete de seguridad presum\u00edan por la ma\u00f1ana la&nbsp; baja incidencia delictiva en el estado.<\/p>\n\n\n\n<p>Esta noche, en la calle R\u00edo Grijalva de la colonia La Cascada, fue ultimado de varios disparos de arma de fuego un individuo, cerca de la entrada a un hotel de la zona.<\/p>\n\n\n\n<p>La v\u00edctima fue identificada de manera preliminar como \u00d3scar C. C., de aproximadamente 35 a\u00f1os de edad y de oficio panadero. Presuntamente sujetos a bordo de una motocicleta le dieron muerte y lograron huir.<\/p>\n\n\n\n<p>En la zona no hab\u00eda ning\u00fan operativo ni presencia de la polic\u00eda municipal, al mando de Ra\u00fal \u00c1vila Ibarra, por lo cual no hubo persecuci\u00f3n de los maleantes.<\/p>\n\n\n\n<p>En tanto, como se inform\u00f3, la ma\u00f1ana de hoy fue hallado el cuerpo sin vida de un joven a\u00fan no identificado, que se hall\u00f3 maniatado, con huellas de tortura y disparos de arma de fuego, uno de ellos en la nuca.<\/p>\n\n\n\n<figure class=\"wp-block-embed is-type-rich is-provider-twitter wp-block-embed-twitter\"><div class=\"wp-block-embed__wrapper\">\n<div class=\"twitter-tweet\"><blockquote class=\"twitter-tweet\" data-lang=\"es\"><p lang=\"es\" dir=\"ltr\"><a href=\"https:\/\/twitter.com\/hashtag\/%C3%9AltimoMinuto?src=hash&amp;ref_src=twsrc%5Etfw\">#\u00daltimoMinuto<\/a><br>Imparable la ola criminal en <a href=\"https:\/\/twitter.com\/hashtag\/Oaxaca?src=hash&amp;ref_src=twsrc%5Etfw\">#Oaxaca<\/a>. <br>En la calle R\u00edo Grijalva, colonia La Cascada de la capital, ejecutan a una persona. <br>Es identificada de manera preliminar como \u00d3scar \u201cN\u201d.<br>\u00bfY los operativos de <a href=\"https:\/\/twitter.com\/SSPC_GobOax?ref_src=twsrc%5Etfw\">@SSPC_GobOax<\/a> y <a href=\"https:\/\/twitter.com\/MunicipioSeguro?ref_src=twsrc%5Etfw\">@MunicipioSeguro<\/a>? <a href=\"https:\/\/t.co\/1fQTCfw2cU\">pic.twitter.com\/1fQTCfw2cU<\/a><\/p>&mdash; Zona Roja Oaxaca (@ZonaRoja_Oaxaca) <a href=\"https:\/\/twitter.com\/ZonaRoja_Oaxaca\/status\/1626424837617995777?ref_src=twsrc%5Etfw\">17 de febrero de 2023<\/a><\/blockquote><\/div>\n<\/div><\/figure>\n","protected":false},"excerpt":{"rendered":"<p>Ismael Garc\u00eda M.\/Zona Roja. Oaxaca de Ju\u00e1rez, Oax., a 16 de febrero de 2023.- Una&hellip;<\/p>\n","protected":false},"author":2,"featured_media":51749,"comment_status":"closed","ping_status":"open","sticky":false,"template":"","format":"standard","meta":{"_lmt_disableupdate":"","_lmt_disable":"","_jetpack_memberships_contains_paid_content":false,"footnotes":""},"categories":[109,51],"tags":[148],"class_list":["post-51748","post","type-post","status-publish","format-standard","has-post-thumbnail","hentry","category-minuto-a-minuto","category-zona-roja","tag-oaxaca-de-juarez"],"jetpack_featured_media_url":"https:\/\/zonaroja.com.mx\/wp-content\/uploads\/2023\/02\/Ejecutado-colonia-La-Cascada-ciudad-de-Oaxaca.jpg","jetpack_sharing_enabled":true,"_links":{"self":[{"href":"https:\/\/zonaroja.com.mx\/index.php?rest_route=\/wp\/v2\/posts\/51748","targetHints":{"allow":["GET"]}}],"collection":[{"href":"https:\/\/zonaroja.com.mx\/index.php?rest_route=\/wp\/v2\/posts"}],"about":[{"href":"https:\/\/zonaroja.com.mx\/index.php?rest_route=\/wp\/v2\/types\/post"}],"author":[{"embeddable":true,"href":"https:\/\/zonaroja.com.mx\/index.php?rest_route=\/wp\/v2\/users\/2"}],"replies":[{"embeddable":true,"href":"https:\/\/zonaroja.com.mx\/index.php?rest_route=%2Fwp%2Fv2%2Fcomments&post=51748"}],"version-history":[{"count":1,"href":"https:\/\/zonaroja.com.mx\/index.php?rest_route=\/wp\/v2\/posts\/51748\/revisions"}],"predecessor-version":[{"id":51750,"href":"https:\/\/zonaroja.com.mx\/index.php?rest_route=\/wp\/v2\/posts\/51748\/revisions\/51750"}],"wp:featuredmedia":[{"embeddable":true,"href":"https:\/\/zonaroja.com.mx\/index.php?rest_route=\/wp\/v2\/media\/51749"}],"wp:attachment":[{"href":"https:\/\/zonaroja.com.mx\/index.php?rest_route=%2Fwp%2Fv2%2Fmedia&parent=51748"}],"wp:term":[{"taxonomy":"category","embeddable":true,"href":"https:\/\/zonaroja.com.mx\/index.php?rest_route=%2Fwp%2Fv2%2Fcategories&post=51748"},{"taxonomy":"post_tag","embeddable":true,"href":"https:\/\/zonaroja.com.mx\/index.php?rest_route=%2Fwp%2Fv2%2Ftags&post=51748"}],"curies":[{"name":"wp","href":"https:\/\/api.w.org\/{rel}","templated":true}]}}